{"id":20422,"date":"2015-05-09T23:30:43","date_gmt":"2015-05-09T22:30:43","guid":{"rendered":"http:\/\/www.agrupament.cat\/portal\/?p=20422"},"modified":"2015-05-11T11:40:19","modified_gmt":"2015-05-11T10:40:19","slug":"el-tren-de-matallana-verguenza-y-desprecio","status":"publish","type":"post","link":"https:\/\/www.agrupament.cat\/portal\/2015\/05\/el-tren-de-matallana-verguenza-y-desprecio\/","title":{"rendered":"El tren de Matallana: verg\u00fcenza y desprecio"},"content":{"rendered":"<p style=\"text-align: justify;\">Prensa escrita.- Diario de Le\u00f3n 9\/05\/2015<\/p>\n<p style=\"text-align: justify;\">Manuel M. Urue\u00f1a Cuadrado. Ingeniero industrial 09\/05\/2015<\/p>\n<p style=\"text-align: justify;\">S\u00ed, es vergonzoso que el Ministerio de Fomento y dentro de \u00e9l Adif, no sean capaces de terminar una obra que comenz\u00f3 en 2010 y que mientras eso no ocurre se est\u00e9 dando un servicio tan deficiente en el tren de v\u00eda estrecha en nuestra provincia. Los usuarios soportan desde hace casi cuatro a\u00f1os incomodidades, impuntualidad y una mayor duraci\u00f3n de los viajes.<\/p>\n<p style=\"text-align: justify;\">El primitivo proyecto presentado al p\u00fablico en 2010 padec\u00eda de defectos y desmesura innecesaria. La crisis ha hecho que aquel proyecto, afortunadamente, se haya sustituido por otro de menor amplitud y m\u00e1s sensato teniendo en cuenta la actual situaci\u00f3n econ\u00f3mica, aunque la poca informaci\u00f3n que el p\u00fablico tiene de los nuevos planes indica que tampoco son los que m\u00e1s convienen a los viajeros ni a la ciudad de Le\u00f3n; se comprobar\u00e1 y se padecer\u00e1 cuando las obras terminen y el tren llegue de nuevo a la estaci\u00f3n de Le\u00f3n pasando al nivel de calle en un trayecto dentro de la ciudad.<br \/>\nM\u00e1s informaci\u00f3n: <span style=\"color: #000000;\"><strong><a style=\"color: #000000;\" href=\"http:\/\/www.diariodeleon.es\/noticias\/opinion\/tren-matallana-verguenza-desprecio_977422.html\">www.diariodeleon.es<\/a><\/strong><\/span><\/p>\n","protected":false},"excerpt":{"rendered":"<p>Prensa escrita.- Diario de Le\u00f3n 9\/05\/2015 Manuel M. Urue\u00f1a Cuadrado. Ingeniero industrial 09\/05\/2015 S\u00ed, es vergonzoso que el Ministerio de<\/p>\n","protected":false},"author":4,"featured_media":0,"comment_status":"closed","ping_status":"open","sticky":false,"template":"","format":"standard","meta":{"footnotes":""},"categories":[],"tags":[70,19,117,26],"class_list":["post-20422","post","type-post","status-publish","format-standard","hentry","tag-anchometrico","tag-infraestructures","tag-leon","tag-publicacions-publicaciones-diris-diarios-revistes-revistas-llibres-libros-tv","comments-off"],"_links":{"self":[{"href":"https:\/\/www.agrupament.cat\/portal\/wp-json\/wp\/v2\/posts\/20422","targetHints":{"allow":["GET"]}}],"collection":[{"href":"https:\/\/www.agrupament.cat\/portal\/wp-json\/wp\/v2\/posts"}],"about":[{"href":"https:\/\/www.agrupament.cat\/portal\/wp-json\/wp\/v2\/types\/post"}],"author":[{"embeddable":true,"href":"https:\/\/www.agrupament.cat\/portal\/wp-json\/wp\/v2\/users\/4"}],"replies":[{"embeddable":true,"href":"https:\/\/www.agrupament.cat\/portal\/wp-json\/wp\/v2\/comments?post=20422"}],"version-history":[{"count":1,"href":"https:\/\/www.agrupament.cat\/portal\/wp-json\/wp\/v2\/posts\/20422\/revisions"}],"predecessor-version":[{"id":20423,"href":"https:\/\/www.agrupament.cat\/portal\/wp-json\/wp\/v2\/posts\/20422\/revisions\/20423"}],"wp:attachment":[{"href":"https:\/\/www.agrupament.cat\/portal\/wp-json\/wp\/v2\/media?parent=20422"}],"wp:term":[{"taxonomy":"category","embeddable":true,"href":"https:\/\/www.agrupament.cat\/portal\/wp-json\/wp\/v2\/categories?post=20422"},{"taxonomy":"post_tag","embeddable":true,"href":"https:\/\/www.agrupament.cat\/portal\/wp-json\/wp\/v2\/tags?post=20422"}],"curies":[{"name":"wp","href":"https:\/\/api.w.org\/{rel}","templated":true}]}}