{"id":19200,"date":"2014-12-01T19:35:28","date_gmt":"2014-12-01T18:35:28","guid":{"rendered":"http:\/\/www.agrupament.cat\/portal\/?p=19200"},"modified":"2014-12-01T19:35:28","modified_gmt":"2014-12-01T18:35:28","slug":"restablerta-la-circulacio-ferroviaria-en-el-tram-girona-figueres-de-la-linia-dalta-velocitat-2","status":"publish","type":"post","link":"https:\/\/www.agrupament.cat\/portal\/2014\/12\/restablerta-la-circulacio-ferroviaria-en-el-tram-girona-figueres-de-la-linia-dalta-velocitat-2\/","title":{"rendered":"Restablerta la circulaci\u00f3 ferrovi\u00e0ria en el tram Girona-Figueres de la L\u00ednia d\u2019Alta Velocitat"},"content":{"rendered":"<p><strong><a href=\"http:\/\/www.agrupament.cat\/portal\/wp-content\/uploads\/2010\/12\/Adif018.gif\"><img loading=\"lazy\" decoding=\"async\" class=\"alignleft size-full wp-image-9350\" src=\"http:\/\/www.agrupament.cat\/portal\/wp-content\/uploads\/2010\/12\/Adif018.gif\" alt=\"Adif01\" width=\"83\" height=\"35\" \/><\/a><a href=\"http:\/\/www.agrupament.cat\/portal\/wp-content\/uploads\/2010\/12\/Renfe022.gif\"><img loading=\"lazy\" decoding=\"async\" class=\"alignleft size-full wp-image-9274\" src=\"http:\/\/www.agrupament.cat\/portal\/wp-content\/uploads\/2010\/12\/Renfe022.gif\" alt=\"Renfe02\" width=\"83\" height=\"35\" \/><\/a>\u2022 El primer tren ha passat per la zona afectada a les 15.48 hores procedent de Barcelona amb destinaci\u00f3 Figueres Vilafant<\/strong><\/p>\n<p>Girona, 1 de desembre de 2014<br \/>\nA les 15.40 h s\u2019ha restablert la circulaci\u00f3 ferrovi\u00e0ria en el tram Girona-Figueres de la L\u00ednia d\u2019Alta Velocitat, una vegada s\u2019han portat a terme les reparacions a les infraestructures i les comprovacions corresponents per tal de garantir la seguretat del tr\u00e0nsit ferroviari.<\/p>\n<p>El primer tren que ha circulat per citat tram era un tren AVE amb sortida de Barcelona a les 14.50 amb arribada a l\u2019estaci\u00f3 de Girona a les 15.31 h i arribada cap a Figueres-Vilafant a les 15.45 h. Aquest tren ha passat per la zona afectada a les 15.48 quedant aix\u00ed restablerta la circulaci\u00f3 dels trens d\u2019alta Velocitat entre Girona i Figueres Vilafant.<\/p>\n<p>Despr\u00e9s d\u2019extreure l\u2019aigua acumulada que ha arribat a una al\u00e7ada m\u00e0xima de 1,05 metres en el punt m\u00e9s profund del t\u00fanel i netejar les instal\u2022lacions en una longitud d\u2019uns 400 metres, s\u2019ha realitzat un reconeixement dels elements de la infraestructura mitjan\u00e7ant personal t\u00e8cnic i maquin\u00e0ria de via per garantir les \u00f2ptimes condicions de la infraestructura i permetre el restabliment de la circulaci\u00f3 amb total seguretat. Per aquestes tasques, Adif ha destinat uns 40 t\u00e8cnics de diferents especialitats, vehicles de treball de via, un cami\u00f3-gr\u00faa, dos grups electr\u00f2gens i dues bombes addicionals per a l\u2019extracci\u00f3 d\u2019aig\u00fces, que han treballat simult\u00e0niament amb les dues existents al t\u00fanel.<\/p>\n<p>Amb aquest restabliment, es normalitza la circulaci\u00f3 ferrovi\u00e0ria en tota la l\u00ednea.<\/p>\n<p>Afectaci\u00f3 Servei AVE<br \/>\nDurant la interrupci\u00f3 del servei, Renfe ha prestat un servei alternatiu entre Girona i Figueres Vilafant, encaminant als viatgers als serveis Regionals. Pel que fa als serveis internacionals s\u2019ha habilitat un servei alternatiu per carretera.<\/p>\n<p>Un cop restablerta la circulaci\u00f3, es recupera el servei habitual dels trens AVE i Avant entre Figueres Vilafant i Girona aix\u00ed com el servei dels trens internacionals.<br \/>\n&#8211;<\/p>\n","protected":false},"excerpt":{"rendered":"<p>\u2022 El primer tren ha passat per la zona afectada a les 15.48 hores procedent de Barcelona amb destinaci\u00f3 Figueres<\/p>\n","protected":false},"author":4,"featured_media":19201,"comment_status":"closed","ping_status":"open","sticky":false,"template":"","format":"standard","meta":{"footnotes":""},"categories":[],"tags":[71,41,43,34,72,509,583],"class_list":["post-19200","post","type-post","status-publish","format-standard","has-post-thumbnail","hentry","tag-adif","tag-ave","tag-estacions","tag-girona","tag-renfe-operadora","tag-renfe-sncf-en-cooperacion-en-cooperation","tag-restabliment-del-servei","comments-off"],"_links":{"self":[{"href":"https:\/\/www.agrupament.cat\/portal\/wp-json\/wp\/v2\/posts\/19200","targetHints":{"allow":["GET"]}}],"collection":[{"href":"https:\/\/www.agrupament.cat\/portal\/wp-json\/wp\/v2\/posts"}],"about":[{"href":"https:\/\/www.agrupament.cat\/portal\/wp-json\/wp\/v2\/types\/post"}],"author":[{"embeddable":true,"href":"https:\/\/www.agrupament.cat\/portal\/wp-json\/wp\/v2\/users\/4"}],"replies":[{"embeddable":true,"href":"https:\/\/www.agrupament.cat\/portal\/wp-json\/wp\/v2\/comments?post=19200"}],"version-history":[{"count":1,"href":"https:\/\/www.agrupament.cat\/portal\/wp-json\/wp\/v2\/posts\/19200\/revisions"}],"predecessor-version":[{"id":19202,"href":"https:\/\/www.agrupament.cat\/portal\/wp-json\/wp\/v2\/posts\/19200\/revisions\/19202"}],"wp:featuredmedia":[{"embeddable":true,"href":"https:\/\/www.agrupament.cat\/portal\/wp-json\/wp\/v2\/media\/19201"}],"wp:attachment":[{"href":"https:\/\/www.agrupament.cat\/portal\/wp-json\/wp\/v2\/media?parent=19200"}],"wp:term":[{"taxonomy":"category","embeddable":true,"href":"https:\/\/www.agrupament.cat\/portal\/wp-json\/wp\/v2\/categories?post=19200"},{"taxonomy":"post_tag","embeddable":true,"href":"https:\/\/www.agrupament.cat\/portal\/wp-json\/wp\/v2\/tags?post=19200"}],"curies":[{"name":"wp","href":"https:\/\/api.w.org\/{rel}","templated":true}]}}