{"id":19016,"date":"2014-11-05T11:50:33","date_gmt":"2014-11-05T10:50:33","guid":{"rendered":"http:\/\/www.agrupament.cat\/portal\/?p=19016"},"modified":"2014-11-05T11:50:33","modified_gmt":"2014-11-05T10:50:33","slug":"funifira-2014-gelida","status":"publish","type":"post","link":"https:\/\/www.agrupament.cat\/portal\/2014\/11\/funifira-2014-gelida\/","title":{"rendered":"FUNIFIRA 2014. Gelida"},"content":{"rendered":"<p><strong><a href=\"http:\/\/www.agrupament.cat\/portal\/wp-content\/uploads\/2014\/11\/Aj-Gelida.png\"><img loading=\"lazy\" decoding=\"async\" class=\"alignleft size-full wp-image-19018\" src=\"http:\/\/www.agrupament.cat\/portal\/wp-content\/uploads\/2014\/11\/Aj-Gelida.png\" alt=\"Aj Gelida\" width=\"80\" height=\"50\" \/><\/a>Els propers 8 i 9 de novembre de 2014 es celebrar\u00e0 a Gelida la FUNIFIRA 2014 en la que la Federaci\u00f3 hi participar\u00e0 amb una trobada de m\u00f2duls escala H0 i un circuit de trens tripulats.<\/strong><\/p>\n<p>Aquest any tindr\u00e0 una maqueta modular a escala H0 CC. Digital. L\u2019AFB \u2013Agrupament Ferroviari de Barcelona, contribueix aportant \u00a0diversos m\u00f2duls<\/p>\n<p>Els horaris d\u2019obertura son: dissabte 8 d\u201911 a 14 i de 16 a 20 hores i el diumenge 9 de 10 a 14 hores.<\/p>\n<p>El tren tripulat recollir\u00e0 aportacions per a projecte solidari de la Creu Roja.<\/p>\n<p>Os podeu apropara amb <span style=\"color: #ff6600;\"><strong><a href=\"http:\/\/rodalies.gencat.cat\/ca\"><span style=\"color: #ff6600;\">Rodalies de Catalunya<\/span><\/a> R-4<\/strong><\/span><\/p>\n<p>tota l&#8217;informaci\u00f3 a<span style=\"color: #333333;\"><strong><a href=\"http:\/\/www.funifira.cat\/\"><span style=\"color: #333333;\"> Funifira 2014<\/span><\/a><\/strong><\/span><\/p>\n","protected":false},"excerpt":{"rendered":"<p>Els propers 8 i 9 de novembre de 2014 es celebrar\u00e0 a Gelida la FUNIFIRA 2014 en la que la<\/p>\n","protected":false},"author":4,"featured_media":19017,"comment_status":"closed","ping_status":"open","sticky":false,"template":"","format":"standard","meta":{"footnotes":""},"categories":[],"tags":[257,25,90,391,5,147,44],"class_list":["post-19016","post","type-post","status-publish","format-standard","has-post-thumbnail","hentry","tag-5-polzades","tag-actes-congrtesosi-exposicions-fires-i-formacio","tag-escala-ho","tag-gelida","tag-modelisme-i-accesoris","tag-r04","tag-rodalies-cercanias","comments-off"],"_links":{"self":[{"href":"https:\/\/www.agrupament.cat\/portal\/wp-json\/wp\/v2\/posts\/19016","targetHints":{"allow":["GET"]}}],"collection":[{"href":"https:\/\/www.agrupament.cat\/portal\/wp-json\/wp\/v2\/posts"}],"about":[{"href":"https:\/\/www.agrupament.cat\/portal\/wp-json\/wp\/v2\/types\/post"}],"author":[{"embeddable":true,"href":"https:\/\/www.agrupament.cat\/portal\/wp-json\/wp\/v2\/users\/4"}],"replies":[{"embeddable":true,"href":"https:\/\/www.agrupament.cat\/portal\/wp-json\/wp\/v2\/comments?post=19016"}],"version-history":[{"count":1,"href":"https:\/\/www.agrupament.cat\/portal\/wp-json\/wp\/v2\/posts\/19016\/revisions"}],"predecessor-version":[{"id":19019,"href":"https:\/\/www.agrupament.cat\/portal\/wp-json\/wp\/v2\/posts\/19016\/revisions\/19019"}],"wp:featuredmedia":[{"embeddable":true,"href":"https:\/\/www.agrupament.cat\/portal\/wp-json\/wp\/v2\/media\/19017"}],"wp:attachment":[{"href":"https:\/\/www.agrupament.cat\/portal\/wp-json\/wp\/v2\/media?parent=19016"}],"wp:term":[{"taxonomy":"category","embeddable":true,"href":"https:\/\/www.agrupament.cat\/portal\/wp-json\/wp\/v2\/categories?post=19016"},{"taxonomy":"post_tag","embeddable":true,"href":"https:\/\/www.agrupament.cat\/portal\/wp-json\/wp\/v2\/tags?post=19016"}],"curies":[{"name":"wp","href":"https:\/\/api.w.org\/{rel}","templated":true}]}}