{"id":19005,"date":"2014-10-30T20:00:45","date_gmt":"2014-10-30T19:00:45","guid":{"rendered":"http:\/\/www.agrupament.cat\/portal\/?p=19005"},"modified":"2014-10-31T06:21:50","modified_gmt":"2014-10-31T05:21:50","slug":"mataro-posa-en-marxa-una-ruta-turistica-en-record-de-limpulsor-del-primer-tren-de-la-peninsula","status":"publish","type":"post","link":"https:\/\/www.agrupament.cat\/portal\/2014\/10\/mataro-posa-en-marxa-una-ruta-turistica-en-record-de-limpulsor-del-primer-tren-de-la-peninsula\/","title":{"rendered":"Matar\u00f3 posa en marxa una ruta tur\u00edstica en record de l\u2019impulsor del primer tren de la pen\u00ednsula"},"content":{"rendered":"<p><strong><a href=\"http:\/\/www.agrupament.cat\/portal\/wp-content\/uploads\/2014\/10\/Aj-Matar\u00f3.jpg\"><img loading=\"lazy\" decoding=\"async\" class=\"alignleft size-full wp-image-19006\" src=\"http:\/\/www.agrupament.cat\/portal\/wp-content\/uploads\/2014\/10\/Aj-Matar\u00f3.jpg\" alt=\"Aj Matar\u00f3\" width=\"90\" height=\"50\" \/><\/a>El proper dissabte, 1 de novembre, Matar\u00f3 estrena una nova ruta guiada titulada \u201cMiquel Biada, el primer ferrocarril\u201d, que fa un recorregut pels escenaris relacionats amb la vida de l\u2019impulsor del primer tren de la pen\u00ednsula (Barcelona-Matar\u00f3, 28 d\u2019octubre de 1848).<\/strong><\/p>\n<p>La visita guiada \u00e9s gratu\u00efta, dura 1 h i mitja aproximadament i comen\u00e7a a les 10.30 h davant l\u2019Ajuntament (La Riera, 48).Hi haur\u00e0 tamb\u00e9 una segona sessi\u00f3 el dissabte 29 de novembre, a les 12 h.<\/p>\n<p>L\u2019Ajuntament organitza aquesta ruta amb l\u2019objectiu de visitar escenaris relacionats amb la vida de Miquel Biada i Bunyol a Matar\u00f3, que permeten acostar-se a la seva \u00e8poca i a la revoluci\u00f3 que va significar l\u2019arribada del tren. El guia desgrana aspectes de la seva traject\u00f2ria vital, des de l\u2019estada i els seus negocis a Vene\u00e7uela i Cuba com a indiano fins a arribar al gran projecte dels seus \u00faltims anys, la promoci\u00f3 de la l\u00ednia de tren entre Barcelona i Matar\u00f3.<\/p>\n<p><span style=\"color: #008080;\"><strong>L\u2019itinerari previst \u00e9s:<\/strong><\/span><br \/>\n<strong>1. Ajuntament de Matar\u00f3.<\/strong> Conxtextualitzaci\u00f3 de l\u2019epoca i acc\u00e9s al 1er pis per veure les pintures de Puiggal\u00ed (representaci\u00f3 del ferrocarril) i la galeria dels Mataronins Il\u00b7lustres, on hi ha el retrat de Miquel Biada, obra de Rafael Estrany.<br \/>\n<strong>2. Museu de Matar\u00f3<\/strong>. Can Serra. Visita a la segona planta, on hi ha elements vinculats al ferrocarril. Seguidament, parada a pla\u00e7a Santa Maria per mostrar que en dita bas\u00edlica van batejar Miquel Biada (no s\u2019entra) i observar els poms de dues cases de la pla\u00e7a, que tenen un ferrocarril. El dia 29 de novembre, enlloc de la visita al Museu (que al mat\u00ed estar\u00e0 tancat) es visita l\u2019exposici\u00f3 \u201cImatgeria popular del Carril de Matar\u00f3&#8221;, del Museu Arxiu de Santa Maria.<br \/>\n<strong>3. Carrer d\u2019Argentona<\/strong>, parada davant la casa natal de Miquel Biada.<br \/>\n<strong>4. La Riera:<\/strong> observaci\u00f3 de l\u2019arquitectura i dels casals que van deixar els indianos a la ciutat. Parada a la casa Arenas Fontrodona (abans Can Miracle) com a exemple de casa d&#8217;un indi\u00e0 mataron\u00ed.<br \/>\n<strong>5. Carrer de Sant Antoni:<\/strong> parada al lloc on va morir Miquel Biada.<br \/>\n<strong>6. Carrer de Sant Felici\u00e0 (prop del Caf\u00e8 de Mar):<\/strong> explicaci\u00f3 de com Biada va tirar endavant el projecte del ferrocarril.<br \/>\n<strong>7. Pla\u00e7a de Miquel Biada:<\/strong> parada final davant l\u2019estaci\u00f3 de tren per descriure com va ser la inauguraci\u00f3 del primer tren de la pen\u00ednsula.<\/p>\n<p>La ruta finalitza amb un petit detall gastron\u00f2mic: una presa de xocolata amb la imatge de la locomotora que elabora la <a href=\"http:\/\/www.xn--pastisseriauo-tkb.com\/\">pastisseria U\u00f1\u00f3.<\/a><\/p>\n<p><strong>Ofrena floral al cementiri dels Caputxins<\/strong><br \/>\nEl mateix dissabte 1 de novembre, a les 13 h, tindr\u00e0 lloc al Cementiri dels Caputxins la tradicional ofrena floral que l\u2019Ajuntament organitza cada any amb motiu de l\u2019aniversari del primer ferrocarril de la pen\u00ednsula.<\/p>\n<p>L\u2019acte, en el qual hi participen habitualment descendents i fam\u00edlia de l\u2019impulsor del primer tren i representants del<a href=\"http:\/\/www.biada.com\/\"><strong> Cercle Hist\u00f2ric Miquel Biada<\/strong><\/a>, se celebrava a la pla\u00e7a de davant de l&#8217;estaci\u00f3 de Renfe i enguany es trasllada al pante\u00f3 de Miquel Biada que hi ha al cementiri m\u00e9s antic de la ciutat (passeig Molins, 69).<\/p>\n","protected":false},"excerpt":{"rendered":"<p>El proper dissabte, 1 de novembre, Matar\u00f3 estrena una nova ruta guiada titulada \u201cMiquel Biada, el primer ferrocarril\u201d, que fa<\/p>\n","protected":false},"author":4,"featured_media":19008,"comment_status":"closed","ping_status":"open","sticky":false,"template":"","format":"standard","meta":{"footnotes":""},"categories":[],"tags":[25,454],"class_list":["post-19005","post","type-post","status-publish","format-standard","has-post-thumbnail","hentry","tag-actes-congrtesosi-exposicions-fires-i-formacio","tag-mataro","comments-off"],"_links":{"self":[{"href":"https:\/\/www.agrupament.cat\/portal\/wp-json\/wp\/v2\/posts\/19005","targetHints":{"allow":["GET"]}}],"collection":[{"href":"https:\/\/www.agrupament.cat\/portal\/wp-json\/wp\/v2\/posts"}],"about":[{"href":"https:\/\/www.agrupament.cat\/portal\/wp-json\/wp\/v2\/types\/post"}],"author":[{"embeddable":true,"href":"https:\/\/www.agrupament.cat\/portal\/wp-json\/wp\/v2\/users\/4"}],"replies":[{"embeddable":true,"href":"https:\/\/www.agrupament.cat\/portal\/wp-json\/wp\/v2\/comments?post=19005"}],"version-history":[{"count":3,"href":"https:\/\/www.agrupament.cat\/portal\/wp-json\/wp\/v2\/posts\/19005\/revisions"}],"predecessor-version":[{"id":19010,"href":"https:\/\/www.agrupament.cat\/portal\/wp-json\/wp\/v2\/posts\/19005\/revisions\/19010"}],"wp:featuredmedia":[{"embeddable":true,"href":"https:\/\/www.agrupament.cat\/portal\/wp-json\/wp\/v2\/media\/19008"}],"wp:attachment":[{"href":"https:\/\/www.agrupament.cat\/portal\/wp-json\/wp\/v2\/media?parent=19005"}],"wp:term":[{"taxonomy":"category","embeddable":true,"href":"https:\/\/www.agrupament.cat\/portal\/wp-json\/wp\/v2\/categories?post=19005"},{"taxonomy":"post_tag","embeddable":true,"href":"https:\/\/www.agrupament.cat\/portal\/wp-json\/wp\/v2\/tags?post=19005"}],"curies":[{"name":"wp","href":"https:\/\/api.w.org\/{rel}","templated":true}]}}