{"id":18803,"date":"2014-10-07T23:45:51","date_gmt":"2014-10-07T22:45:51","guid":{"rendered":"http:\/\/www.agrupament.cat\/portal\/?p=18803"},"modified":"2014-10-08T04:00:10","modified_gmt":"2014-10-08T03:00:10","slug":"en-el-foro-lideres-organizado-por-la-agencia-efe-y-kpmg-pastor-destaca-el-incremento-del-206-del-numero-de-viajeros-en-ave-hasta-el-mes-de-septiembre","status":"publish","type":"post","link":"https:\/\/www.agrupament.cat\/portal\/2014\/10\/en-el-foro-lideres-organizado-por-la-agencia-efe-y-kpmg-pastor-destaca-el-incremento-del-206-del-numero-de-viajeros-en-ave-hasta-el-mes-de-septiembre\/","title":{"rendered":"En el Foro L\u00edderes organizado por la Agencia EFE y KPMG Pastor destaca el incremento del 20,6% del n\u00famero de viajeros en AVE hasta el mes de septiembre"},"content":{"rendered":"<p><strong><a href=\"http:\/\/www.agrupament.cat\/portal\/wp-content\/uploads\/2011\/02\/Fomento01.png\"><img loading=\"lazy\" decoding=\"async\" class=\"alignleft size-full wp-image-9709\" src=\"http:\/\/www.agrupament.cat\/portal\/wp-content\/uploads\/2011\/02\/Fomento01.png\" alt=\"Fomento01\" width=\"130\" height=\"35\" \/><\/a>\u00b7 Se prev\u00e9 que Renfe cierre 2014 con 28 millones de viajeros, el mejor a\u00f1o de la historia del AVE <\/strong><br \/>\n<strong>\u00b7 En los nueve primeros meses del a\u00f1o el conjunto de los aeropuertos de Aena ha registrado 153,2 millones de pasajeros, un 4,6% m\u00e1s<\/strong><br \/>\n<strong>\u00b7 La licitaci\u00f3n total del Grupo Fomento al cierre de los primeros ocho meses de 2014 asciende a 3.593 millones de euros, un 104% m\u00e1s que el pasado a\u00f1o.<\/strong><\/p>\n<p>Madrid, 7 de octubre de 2014 (Ministerio de Fomento).<br \/>\nLa ministra de Fomento, Ana Pastor, ha destacado hoy que el n\u00famero de viajeros que han utilizado el AVE de enero a septiembre ha registrado un incremento del 20,6% y ha se\u00f1alado que, si se cumplen las previsiones, 2014 ser\u00e1 el mejor a\u00f1o en la historia de la Alta Velocidad con 28 millones de viajeros.<\/p>\n<p>En su intervenci\u00f3n en el Foro L\u00edderes, Pastor ha indicado que uno de los principales objetivos del Ministerio de Fomento es completar la red de alta velocidad en ejecuci\u00f3n, de manera que en el a\u00f1o 2018 est\u00e1 previsto duplicar el n\u00famero de viajeros, que actualmente asciende a 24millones de usuarios.<\/p>\n<p>La ministra ha puesto en valor estos datos y ha se\u00f1alado que uno de los indicadores m\u00e1s fiables y que reflejan la coyuntura por la que atraviesa la econom\u00eda de un pa\u00eds es la actividad de sus diferentes modos de transporte.<\/p>\n","protected":false},"excerpt":{"rendered":"<p>\u00b7 Se prev\u00e9 que Renfe cierre 2014 con 28 millones de viajeros, el mejor a\u00f1o de la historia del AVE<\/p>\n","protected":false},"author":4,"featured_media":16524,"comment_status":"closed","ping_status":"open","sticky":false,"template":"","format":"standard","meta":{"footnotes":""},"categories":[],"tags":[25,41,69],"class_list":["post-18803","post","type-post","status-publish","format-standard","has-post-thumbnail","hentry","tag-actes-congrtesosi-exposicions-fires-i-formacio","tag-ave","tag-mitva-ministerio-de-fomento","comments-off"],"_links":{"self":[{"href":"https:\/\/www.agrupament.cat\/portal\/wp-json\/wp\/v2\/posts\/18803","targetHints":{"allow":["GET"]}}],"collection":[{"href":"https:\/\/www.agrupament.cat\/portal\/wp-json\/wp\/v2\/posts"}],"about":[{"href":"https:\/\/www.agrupament.cat\/portal\/wp-json\/wp\/v2\/types\/post"}],"author":[{"embeddable":true,"href":"https:\/\/www.agrupament.cat\/portal\/wp-json\/wp\/v2\/users\/4"}],"replies":[{"embeddable":true,"href":"https:\/\/www.agrupament.cat\/portal\/wp-json\/wp\/v2\/comments?post=18803"}],"version-history":[{"count":1,"href":"https:\/\/www.agrupament.cat\/portal\/wp-json\/wp\/v2\/posts\/18803\/revisions"}],"predecessor-version":[{"id":18804,"href":"https:\/\/www.agrupament.cat\/portal\/wp-json\/wp\/v2\/posts\/18803\/revisions\/18804"}],"wp:featuredmedia":[{"embeddable":true,"href":"https:\/\/www.agrupament.cat\/portal\/wp-json\/wp\/v2\/media\/16524"}],"wp:attachment":[{"href":"https:\/\/www.agrupament.cat\/portal\/wp-json\/wp\/v2\/media?parent=18803"}],"wp:term":[{"taxonomy":"category","embeddable":true,"href":"https:\/\/www.agrupament.cat\/portal\/wp-json\/wp\/v2\/categories?post=18803"},{"taxonomy":"post_tag","embeddable":true,"href":"https:\/\/www.agrupament.cat\/portal\/wp-json\/wp\/v2\/tags?post=18803"}],"curies":[{"name":"wp","href":"https:\/\/api.w.org\/{rel}","templated":true}]}}