{"id":18773,"date":"2014-10-01T23:45:12","date_gmt":"2014-10-01T22:45:12","guid":{"rendered":"http:\/\/www.agrupament.cat\/portal\/?p=18773"},"modified":"2014-10-02T10:39:12","modified_gmt":"2014-10-02T09:39:12","slug":"la-tardor-arriba-al-museu","status":"publish","type":"post","link":"https:\/\/www.agrupament.cat\/portal\/2014\/10\/la-tardor-arriba-al-museu\/","title":{"rendered":"La Tardor arriba al Museu"},"content":{"rendered":"<p><a href=\"http:\/\/www.agrupament.cat\/portal\/wp-content\/uploads\/2012\/11\/MuseuFcCatalunya.png\"><img loading=\"lazy\" decoding=\"async\" class=\"alignleft size-full wp-image-15033\" src=\"http:\/\/www.agrupament.cat\/portal\/wp-content\/uploads\/2012\/11\/MuseuFcCatalunya.png\" alt=\"MuseuFcCatalunya\" width=\"49\" height=\"100\" \/><\/a>El darrer trimestre de l&#8217;any ve carregat de noves propostes per a tot tipus de p\u00fablics i molts diverses per a que &#8220;facis teu el Museu&#8221;.<\/p>\n<p><a href=\"http:\/\/museudelferrocarril.org\/la-tardor-arriba-al-museu-amb-noves-activitats\">Descobreix-les aqu\u00ed<\/a><\/p>\n<p>Veure m\u00e9s: El Carril de Matar\u00f3. El Museu ha rebut una nova i important incorporaci\u00f3 a la col\u00b7lecci\u00f3 relacionada amb la locomotora Matar\u00f3, que podeu veure funcionar amb \u201cvapor en viu\u201d aquest proper diumenge 5 d\u2019octubre com tots els primers diumenges de mes.<\/p>\n","protected":false},"excerpt":{"rendered":"<p>El darrer trimestre de l&#8217;any ve carregat de noves propostes per a tot tipus de p\u00fablics i molts diverses per<\/p>\n","protected":false},"author":4,"featured_media":18774,"comment_status":"closed","ping_status":"open","sticky":false,"template":"","format":"standard","meta":{"footnotes":""},"categories":[],"tags":[25,454,154,155],"class_list":["post-18773","post","type-post","status-publish","format-standard","has-post-thumbnail","hentry","tag-actes-congrtesosi-exposicions-fires-i-formacio","tag-mataro","tag-museu-del-ferrocarril-de-catalunya","tag-vilanova-i-la-geltru","comments-off"],"_links":{"self":[{"href":"https:\/\/www.agrupament.cat\/portal\/wp-json\/wp\/v2\/posts\/18773","targetHints":{"allow":["GET"]}}],"collection":[{"href":"https:\/\/www.agrupament.cat\/portal\/wp-json\/wp\/v2\/posts"}],"about":[{"href":"https:\/\/www.agrupament.cat\/portal\/wp-json\/wp\/v2\/types\/post"}],"author":[{"embeddable":true,"href":"https:\/\/www.agrupament.cat\/portal\/wp-json\/wp\/v2\/users\/4"}],"replies":[{"embeddable":true,"href":"https:\/\/www.agrupament.cat\/portal\/wp-json\/wp\/v2\/comments?post=18773"}],"version-history":[{"count":1,"href":"https:\/\/www.agrupament.cat\/portal\/wp-json\/wp\/v2\/posts\/18773\/revisions"}],"predecessor-version":[{"id":18775,"href":"https:\/\/www.agrupament.cat\/portal\/wp-json\/wp\/v2\/posts\/18773\/revisions\/18775"}],"wp:featuredmedia":[{"embeddable":true,"href":"https:\/\/www.agrupament.cat\/portal\/wp-json\/wp\/v2\/media\/18774"}],"wp:attachment":[{"href":"https:\/\/www.agrupament.cat\/portal\/wp-json\/wp\/v2\/media?parent=18773"}],"wp:term":[{"taxonomy":"category","embeddable":true,"href":"https:\/\/www.agrupament.cat\/portal\/wp-json\/wp\/v2\/categories?post=18773"},{"taxonomy":"post_tag","embeddable":true,"href":"https:\/\/www.agrupament.cat\/portal\/wp-json\/wp\/v2\/tags?post=18773"}],"curies":[{"name":"wp","href":"https:\/\/api.w.org\/{rel}","templated":true}]}}