{"id":185,"date":"2007-04-23T18:06:04","date_gmt":"2007-04-23T17:06:04","guid":{"rendered":"http:\/\/www.agrupament.cat\/portal\/?p=185"},"modified":"2009-04-10T09:06:03","modified_gmt":"2009-04-10T08:06:03","slug":"commemoracio-del-125e-aniversari-de-larribada-del-ferrocarril-a-vilanova","status":"publish","type":"post","link":"https:\/\/www.agrupament.cat\/portal\/2007\/04\/commemoracio-del-125e-aniversari-de-larribada-del-ferrocarril-a-vilanova\/","title":{"rendered":"COMMEMORACI\u00d3 DEL 125\u00e8 ANIVERSARI DE L&#8217;ARRIBADA DEL FERROCARRIL A VILANOVA"},"content":{"rendered":"<p>INAUGURACI\u00d3 DE L&#8217;EXPOSICI\u00d3 TITULADA: &#8220;EL FERROCARRIL DE VILANOVA: PRIMER PAS DE LA CONNEXI\u00d3 DIRECTA ENTRE BARCELONA I MADRID&#8221;<!--more--><\/p>\n<p>\u00a0 Amb motiu del 125\u00e8 aniversari de la inauguraci\u00f3 del primer tram de la l\u00ednia de Vilanova, i sota el patrocini del Departament de Cultura i Mitjans de Comunicaci\u00f3 de la Generalitat de Catalunya, el passat 14 d&#8217;abril fou inaugurada a l&#8217;Arxiu Nacional de Catalunya l&#8217;exposici\u00f3 hist\u00f2rica commemorativa sobre aquest esdeveniment.<br \/>\n\u00a0 Aquesta est\u00e0 basada \u00edntegrament en la documentaci\u00f3 original que el Centre d&#8217;Estudis Hist\u00f2rics del Ferrocarril Espanyol conserva sobre la Compa\u00f1\u00eda del Ferrocarril de Valls a Villanueva y Barcelona, aix\u00ed com sobre la Compa\u00f1\u00eda de los Ferrocarriles de Tarragona a Barcelona y Francia, que l&#8217;absorb\u00ed anys despr\u00e9s.<br \/>\n\u00a0 Escriptures fundacionals, llibres d&#8217;actes dels consells d&#8217;administraci\u00f3 i de les juntes generales, copiadores de correspond\u00e8ncia, pl\u00e0nols del tra\u00e7at i de diferents obres de f\u00e0brica, expedients t\u00e8cnics diversos, estudis i ofertes sobre el material d&#8217;explotaci\u00f3, evoluci\u00f3 societ\u00e0ria, fotografies, etc., formen part del material exposat.<br \/>\n\u00a0 La Presid\u00e8ncia de l&#8217;acte estava formada per Josep Maria Sans, director de l&#8217;Arxiu Nacional de Catalunya; Ricard Oliver, president del Centre d&#8217;Estudis Hist\u00f2rics del Ferrocarril Espanyol; Antoni Biada, descendent directe de Miquel Biada, promotor del primer ferrocarril peninsular entre Barcelona i Matar\u00f3; i Carles Guasch, comissari de l&#8217;exposici\u00f3 hist\u00f2rica que s&#8217;inaugurava.<br \/>\n\u00a0 Obr\u00ed l&#8217;acte el director de l&#8217;Arxiu Nacional de Catalunya, el senyor Josep Maria Sans, qui, despr\u00e9s de donar la benvinguda als assistents, pos\u00e0 de manifest l&#8217;estreta relaci\u00f3 que uneix\u00a0 ambdues institucions i el seu fruct\u00edfer resultat en el decurs dels darrers anys.<br \/>\n\u00a0 Amb aquesta defer\u00e8ncia, agra\u00ed l&#8217;esfor\u00e7 fet en l&#8217;organitzaci\u00f3 d&#8217;aquesta nova exposici\u00f3, la qual d\u00f3na l&#8217;oportunitat a la nostra societat de con\u00e8ixer els detalls d&#8217;una iniciativa que constitu\u00ed l&#8217;antecedent\u00a0 de l&#8217;actual AVE, en representar el primer intent per reduir les dist\u00e0ncies entre la capital catalana i Madrid.<br \/>\n\u00a0 Un cop acabada la seva intervenci\u00f3, pass\u00e0 la paraula al senyor Ricard Oliver, qui, en el seu torn, manifest\u00e0 el seu agra\u00efment a la Generalitat de Catalunya i al propi Arxiu Nacional de Catalunya pel patrocini i suport log\u00edstic ofert en tot moment per al plantejament de l&#8217;exposici\u00f3.<br \/>\n\u00a0 D&#8217;altra banda, agra\u00ed al conjunt d&#8217;institucions i empreses patrocinadores de les activitats culturals de l&#8217;entitat que presideix la permanent sensibilitat i el ferm comprom\u00eds amb el m\u00f3n cultural. Respecte d&#8217;aix\u00f2, dedic\u00e0 un especial agra\u00efment a Sider\u00fargica Requena S.A. pel seu constant i incondicional suport, expressat en aquell acte a trav\u00e9s de la pres\u00e8ncia del seu administrador, el senyor Jos\u00e9 Ignacio Baanante, despla\u00e7at expressament des de Madrid.<br \/>\n\u00a0 Sense m\u00e9s pre\u00e0mbuls, i despr\u00e9s de destacar algun dels aspectes que podrien ser contemplats a l&#8217;exposici\u00f3, ced\u00ed la paraula al conferenciant.<br \/>\n\u00a0 A continuaci\u00f3, Carles Guasch don\u00e0 inici a la confer\u00e8ncia hist\u00f2rica titulada &#8220;De la conexi\u00f3n local vilanovina al ferrocarril directo de Madrid&#8221;, en la qual va fer un rep\u00e0s de la traject\u00f2ria de la C\u00eda. del Ferrocarril de Valls a Villanueva y Barcelona, aix\u00ed com de la C\u00eda. de los Ferrocarriles Directos de Madrid y Zaragoza a Barcelona.<br \/>\n\u00a0 Expos\u00e0 els intents per construir una l\u00ednia &#8220;directa&#8221; entre Barcelona i Madrid, que hauria d&#8217;arrancar de Roda de Bar\u00e0, passar per Reus, travessar Mora i Casp, i continuar per Montalb\u00e1n, Calamocha i Molina de Arag\u00f3n. Tamb\u00e9 es detur\u00e0 en l&#8217;enfonsament econ\u00f2mic de l&#8217;empresa promotora, aix\u00ed com en el frac\u00e0s d&#8217;aquell primer intent per reduir les dist\u00e0ncies entre ambdues capitals.<br \/>\n\u00a0 Finalitzada la seva intervenci\u00f3, i acompanyat per Josep Maria Sans i Ricard Oliver, encap\u00e7al\u00e0 la visita a les diferents seccions hist\u00f2riques de la mostra, ensems que responia les preguntes que li adre\u00e7aven alguns membres del p\u00fablic assistent.<\/p>\n<p>\u00a0 La mostra romandr\u00e0 oberta al p\u00fablic a la seu de l&#8217;Arxiu Nacional de Catalunya (C\/ Jaume I, 33-51. Sant Cugat del Vall\u00e8s. Barcelona) fins el proper 20 de maig de 2007.<\/p>\n","protected":false},"excerpt":{"rendered":"<p>INAUGURACI\u00d3 DE L&#8217;EXPOSICI\u00d3 TITULADA: &#8220;EL FERROCARRIL DE VILANOVA: PRIMER PAS DE LA CONNEXI\u00d3 DIRECTA ENTRE BARCELONA I MADRID&#8221;<\/p>\n","protected":false},"author":4,"featured_media":0,"comment_status":"closed","ping_status":"open","sticky":false,"template":"","format":"standard","meta":{"footnotes":""},"categories":[],"tags":[25,4],"class_list":["post-185","post","type-post","status-publish","format-standard","hentry","tag-actes-congrtesosi-exposicions-fires-i-formacio","tag-funiculars-i-telecabines","comments-off"],"_links":{"self":[{"href":"https:\/\/www.agrupament.cat\/portal\/wp-json\/wp\/v2\/posts\/185","targetHints":{"allow":["GET"]}}],"collection":[{"href":"https:\/\/www.agrupament.cat\/portal\/wp-json\/wp\/v2\/posts"}],"about":[{"href":"https:\/\/www.agrupament.cat\/portal\/wp-json\/wp\/v2\/types\/post"}],"author":[{"embeddable":true,"href":"https:\/\/www.agrupament.cat\/portal\/wp-json\/wp\/v2\/users\/4"}],"replies":[{"embeddable":true,"href":"https:\/\/www.agrupament.cat\/portal\/wp-json\/wp\/v2\/comments?post=185"}],"version-history":[{"count":1,"href":"https:\/\/www.agrupament.cat\/portal\/wp-json\/wp\/v2\/posts\/185\/revisions"}],"predecessor-version":[{"id":3023,"href":"https:\/\/www.agrupament.cat\/portal\/wp-json\/wp\/v2\/posts\/185\/revisions\/3023"}],"wp:attachment":[{"href":"https:\/\/www.agrupament.cat\/portal\/wp-json\/wp\/v2\/media?parent=185"}],"wp:term":[{"taxonomy":"category","embeddable":true,"href":"https:\/\/www.agrupament.cat\/portal\/wp-json\/wp\/v2\/categories?post=185"},{"taxonomy":"post_tag","embeddable":true,"href":"https:\/\/www.agrupament.cat\/portal\/wp-json\/wp\/v2\/tags?post=185"}],"curies":[{"name":"wp","href":"https:\/\/api.w.org\/{rel}","templated":true}]}}