{"id":18480,"date":"2014-07-31T08:39:47","date_gmt":"2014-07-31T07:39:47","guid":{"rendered":"http:\/\/www.agrupament.cat\/portal\/?p=18480"},"modified":"2014-07-31T08:40:15","modified_gmt":"2014-07-31T07:40:15","slug":"fgc-promociona-un-nou-bitllet-combinat-amb-lajuntament-de-masquefa-i-el-crarc-per-visitar-el-centre-de-recuperacio-de-fauna-salvatge","status":"publish","type":"post","link":"https:\/\/www.agrupament.cat\/portal\/2014\/07\/fgc-promociona-un-nou-bitllet-combinat-amb-lajuntament-de-masquefa-i-el-crarc-per-visitar-el-centre-de-recuperacio-de-fauna-salvatge\/","title":{"rendered":"FGC promociona un nou bitllet combinat amb l&#8217;Ajuntament de Masquefa i el CRARC per visitar el Centre de Recuperaci\u00f3 de Fauna Salvatge"},"content":{"rendered":"<p>30\/07\/2014<br \/>\nEl conveni signat estableix les bases de la col\u00b7laboraci\u00f3 entre el Centre de Recuperaci\u00f3 d\u2019Amfibis i R\u00e8ptils de Catalunya, l\u2019Ajuntament de Masquefa i FGC per tal de promocionar les activitats, espais i altres productes relacionats amb l\u2019accessibilitat al recinte del CRARC<\/p>\n<p><strong>Signatura conveni CRARC<\/strong><br \/>\nEl president d\u2019FGC, Enric Tic\u00f3; l\u2019alcalde de l\u2019Ajuntament de Masquefa, Xavier Boquete i el representant del<a href=\"http:\/\/www.crarc-comam.net\/\"><strong> Centre de Recuperaci\u00f3 d\u2019Amfibis i R\u00e8ptils de Catalunya (CRARC)<\/strong><\/a>, Joaquim Soler, han signat avui un conveni de col\u00b7laboraci\u00f3 amb l\u2019objectiu de treballar conjuntament en la promoci\u00f3 de les activitats i espais relacionats amb el Centre de Recuperaci\u00f3 de Fauna Salvatge especialitzat en amfibis i r\u00e8ptils de Masquefa.<\/p>\n<p>En aquest sentit, a partir d\u2019avui es comercialitzar\u00e0 un nou bitllet combinat amb el nom de \u201cCombinat CRARC R\u00e8ptils Masquefa\u201d que inclou un bitllet d\u2019anada i tornada a l\u2019estaci\u00f3 de Masquefa des de qualsevol punt de la l\u00ednia Llobregat-Anoia d\u2019FGC i un tiquet d\u2019acc\u00e9s a les exposicions permanents del CRARC a Masquefa.<\/p>\n<p>Les tarifes dels bitllets combinats, que es poden consultar al web d\u2019FGC www.fgc.cat, seran v\u00e0lides per a qualsevol dia de l\u2019any, ja sigui feiner o festiu.<\/p>\n<p><a href=\"http:\/\/www.crarc-comam.net\/\">El CRARC \u00e9s l\u2019\u00fanic Centre de Recuperaci\u00f3 de Fauna Salvatge especialitzat en amfibis i r\u00e8ptils de l\u2019Estat.<\/a> Creat l\u2019any 1992, \u00e9s una instituci\u00f3 dedicada a la rehabilitaci\u00f3 de fauna silvestre amb la finalitat de retornar-la al seu h\u00e0bitat natural, promoure la recerca cient\u00edfica i l\u2019educaci\u00f3 ambiental. El centre se centra en la gesti\u00f3 de r\u00e8ptils i amfibis aut\u00f2ctons i, tot i que la investigaci\u00f3 representa un puntal dins l\u2019organitzaci\u00f3, la divulgaci\u00f3 mediambiental \u00e9s un dels m\u00e0xims exponents de l\u2019activitat di\u00e0ria del CRARC.<\/p>\n<p>Tal com s\u2019estableix en el conveni, Ferrocarrils de la Generalitat de Catalunya promocionar\u00e0 el bitllet combinat al seu web corporatiu, a les seves instal\u00b7lacions i cedir\u00e0 els seus suports publicitaris en funci\u00f3 dels objectius del conveni.<\/p>\n<p>Per la seva banda, el CRARC en far\u00e0 promoci\u00f3 a tots els seus suports de comunicaci\u00f3 i recomanar\u00e0 de manera destacada FGC com a millor opci\u00f3 per arribar al municipi en totes les seves guies, fulletons i espais de promoci\u00f3 tur\u00edstica.<br \/>\nOn anem?<\/p>\n<p>El nou bitllet combinat s\u2019inclou dins de la oferta de lleure de l\u2019\u201cOn anem?\u201d, un projecte mitjan\u00e7ant el qual Ferrocarrils col\u00b7labora amb entitats i ajuntaments de la seva \u00e0rea d\u2019influ\u00e8ncia per tal que els usuaris d\u2019FGC puguin gaudir de l\u2019acc\u00e9s a una variada oferta de centres d\u2019inter\u00e8s tur\u00edstic i cultural mitjan\u00e7ant els diferents acords amb institucions i operadors de busos del territori, que inclouen el viatge amb FGC i la visita als recintes.<\/p>\n<p>Actualment,<strong><span style=\"color: #ff6600;\"><a href=\"http:\/\/www.fgc.cat\/cat\/bitllets_oci_turisme.asp\"><span style=\"color: #ff6600;\"> FGC promociona bitllets combinats<\/span><\/a><\/span><\/strong> per visitar els recintes del Museu de la T\u00e8cnica de Manresa, La Pedrera, el M\u00f3n Sant Benet, el Parc Prehist\u00f2ric &#8211; Abric Roman\u00ed de Capellades, el Museu de la Pell i el Museu del Traginer d\u2019Igualada, el cementiri Nou d\u2019Igualada, el Museu de la Ci\u00e8ncia i de la T\u00e8cnica de Catalunya, el Museu Mol\u00ed Paperer de Capellades, el recinte de Catalunya en Miniatura i la Col\u00f2nia G\u00fcell.<\/p>\n<p>M\u00e9s informaci\u00f3: http:\/\/www.fgc.cat\/cat\/onanem.asp.<\/p>\n<p>http:\/\/www.crarc-comam.net\/<\/p>\n","protected":false},"excerpt":{"rendered":"<p>30\/07\/2014 El conveni signat estableix les bases de la col\u00b7laboraci\u00f3 entre el Centre de Recuperaci\u00f3 d\u2019Amfibis i R\u00e8ptils de Catalunya,<\/p>\n","protected":false},"author":4,"featured_media":18482,"comment_status":"closed","ping_status":"open","sticky":false,"template":"","format":"standard","meta":{"footnotes":""},"categories":[],"tags":[25,47,105,536,68],"class_list":["post-18480","post","type-post","status-publish","format-standard","has-post-thumbnail","hentry","tag-actes-congrtesosi-exposicions-fires-i-formacio","tag-fgc-ferrocarrils-de-la-generalitat-de-catalunya","tag-linea-llobregat-anoia","tag-masquefa","tag-tarifes","comments-off"],"_links":{"self":[{"href":"https:\/\/www.agrupament.cat\/portal\/wp-json\/wp\/v2\/posts\/18480","targetHints":{"allow":["GET"]}}],"collection":[{"href":"https:\/\/www.agrupament.cat\/portal\/wp-json\/wp\/v2\/posts"}],"about":[{"href":"https:\/\/www.agrupament.cat\/portal\/wp-json\/wp\/v2\/types\/post"}],"author":[{"embeddable":true,"href":"https:\/\/www.agrupament.cat\/portal\/wp-json\/wp\/v2\/users\/4"}],"replies":[{"embeddable":true,"href":"https:\/\/www.agrupament.cat\/portal\/wp-json\/wp\/v2\/comments?post=18480"}],"version-history":[{"count":2,"href":"https:\/\/www.agrupament.cat\/portal\/wp-json\/wp\/v2\/posts\/18480\/revisions"}],"predecessor-version":[{"id":18484,"href":"https:\/\/www.agrupament.cat\/portal\/wp-json\/wp\/v2\/posts\/18480\/revisions\/18484"}],"wp:featuredmedia":[{"embeddable":true,"href":"https:\/\/www.agrupament.cat\/portal\/wp-json\/wp\/v2\/media\/18482"}],"wp:attachment":[{"href":"https:\/\/www.agrupament.cat\/portal\/wp-json\/wp\/v2\/media?parent=18480"}],"wp:term":[{"taxonomy":"category","embeddable":true,"href":"https:\/\/www.agrupament.cat\/portal\/wp-json\/wp\/v2\/categories?post=18480"},{"taxonomy":"post_tag","embeddable":true,"href":"https:\/\/www.agrupament.cat\/portal\/wp-json\/wp\/v2\/tags?post=18480"}],"curies":[{"name":"wp","href":"https:\/\/api.w.org\/{rel}","templated":true}]}}