{"id":18217,"date":"2014-06-18T07:51:19","date_gmt":"2014-06-18T06:51:19","guid":{"rendered":"http:\/\/www.agrupament.cat\/portal\/?p=18217"},"modified":"2014-06-20T07:56:08","modified_gmt":"2014-06-20T06:56:08","slug":"jornada-sobre-el-eje-mediterraneo-en-el-nuevo-ciclo-europeo","status":"publish","type":"post","link":"https:\/\/www.agrupament.cat\/portal\/2014\/06\/jornada-sobre-el-eje-mediterraneo-en-el-nuevo-ciclo-europeo\/","title":{"rendered":"Jornada sobre el Eje Mediterr\u00e1neo en el nuevo ciclo europeo"},"content":{"rendered":"<p><strong><a href=\"http:\/\/www.agrupament.cat\/portal\/wp-content\/uploads\/2011\/02\/Fomento01.png\"><img loading=\"lazy\" decoding=\"async\" class=\"alignleft size-full wp-image-9709\" src=\"http:\/\/www.agrupament.cat\/portal\/wp-content\/uploads\/2011\/02\/Fomento01.png\" alt=\"Fomento01\" width=\"130\" height=\"35\" \/><\/a>Catal\u00e1 destaca la importancia del Corredor Mediterr\u00e1neo por su contribuci\u00f3n a la cohesi\u00f3n social, la vertebraci\u00f3n territorial y el desarrollo econ\u00f3mico<\/strong><\/p>\n<p><strong>\u00b7 La inversi\u00f3n de 2014 en el Corredor permitir\u00e1 continuar desarrollando la implantaci\u00f3n del ancho est\u00e1ndar; impulsar las l\u00edneas de alta velocidad; y desarrollar actuaciones como accesos a puertos, mejora de l\u00edneas o estudios para fases posteriores de desarrollo<\/strong><\/p>\n<p>Madrid, 17 de junio de 2014 (Ministerio de Fomento).<br \/>\nEl secretario de Estado de Infraestructuras, Transporte y Vivienda, Rafael Catal\u00e1, ha destacado hoy en Barcelona la importancia de las infraestructuras del transporte para la cohesi\u00f3n social y la vertebraci\u00f3n territorial en Espa\u00f1a, adem\u00e1s de la contribuci\u00f3n al desarrollo econ\u00f3mico de las zonas por las que discurre. En este sentido, ha subrayado que el Corredor Mediterr\u00e1neo es una de las infraestructuras que cumple estas condiciones y, por ello, es una prioridad para el Gobierno.<\/p>\n<p>Durante su intervenci\u00f3n en una jornada sobre el Eje Mediterr\u00e1neo en el nuevo ciclo europeo, Catal\u00e1 ha se\u00f1alado que el \u00e1rea de influencia del Corredor Mediterr\u00e1neo abarca el 47,8% de la poblaci\u00f3n espa\u00f1ola y el 44,8% del PIB nacional y que genera casi la mitad del tr\u00e1fico total de mercanc\u00edas. Asimismo, ha indicado que el arco mediterr\u00e1neo occidental es una zona clave para el desarrollo de actividades log\u00edsticas y empresariales a escala europea e internacional y que se apoya fundamentalmente sobre sus puertos, aut\u00e9nticos nodos log\u00edsticos.<\/p>\n<p>Asimismo, ha resaltado que el Plan de Infraestructuras, Transporte y Vivienda (PITVI) lo incluye con un papel destacado, siendo Corredor prioritario en la implantaci\u00f3n de ancho est\u00e1ndar. De esta manera, el Ministerio de Fomento considera prioritaria la implantaci\u00f3n progresiva del ancho UIC.<\/p>\n<p><strong>Desarrollo del Corredor Mediterr\u00e1neo<\/strong><br \/>\nEl secretario de Estado ha recordado que entre 2012 y 2014 se han invertido 3.438,5 millones de euros, de los que 2.433 millones de euros corresponden al bienio 2012-2013 y 1.005,5 millones de euros al presupuesto para este a\u00f1o. En 2014 esta inversi\u00f3n permitir\u00e1 continuar desarrollando la implantaci\u00f3n del ancho est\u00e1ndar; impulsar las l\u00edneas de alta velocidad; y desarrollar actuaciones como accesos a puertos, mejora de l\u00edneas o estudios para fases posteriores de desarrollo.<\/p>\n<p>Actualmente, el Ministerio trabaja en dos l\u00edneas de actuaci\u00f3n. Por un lado, en la implantaci\u00f3n del ancho est\u00e1ndar en las l\u00edneas ya existentes de ancho convencional mediante el cambio de ancho o tercer carril, seg\u00fan el tramo. Por otro, en la construcci\u00f3n de nuevas l\u00edneas que aumenten la capacidad de la red.<\/p>\n","protected":false},"excerpt":{"rendered":"<p>Catal\u00e1 destaca la importancia del Corredor Mediterr\u00e1neo por su contribuci\u00f3n a la cohesi\u00f3n social, la vertebraci\u00f3n territorial y el desarrollo<\/p>\n","protected":false},"author":4,"featured_media":10018,"comment_status":"closed","ping_status":"open","sticky":false,"template":"","format":"standard","meta":{"footnotes":""},"categories":[],"tags":[25,87,19,69],"class_list":["post-18217","post","type-post","status-publish","format-standard","has-post-thumbnail","hentry","tag-actes-congrtesosi-exposicions-fires-i-formacio","tag-corredor-del-mediterrani","tag-infraestructures","tag-mitva-ministerio-de-fomento","comments-off"],"_links":{"self":[{"href":"https:\/\/www.agrupament.cat\/portal\/wp-json\/wp\/v2\/posts\/18217","targetHints":{"allow":["GET"]}}],"collection":[{"href":"https:\/\/www.agrupament.cat\/portal\/wp-json\/wp\/v2\/posts"}],"about":[{"href":"https:\/\/www.agrupament.cat\/portal\/wp-json\/wp\/v2\/types\/post"}],"author":[{"embeddable":true,"href":"https:\/\/www.agrupament.cat\/portal\/wp-json\/wp\/v2\/users\/4"}],"replies":[{"embeddable":true,"href":"https:\/\/www.agrupament.cat\/portal\/wp-json\/wp\/v2\/comments?post=18217"}],"version-history":[{"count":1,"href":"https:\/\/www.agrupament.cat\/portal\/wp-json\/wp\/v2\/posts\/18217\/revisions"}],"predecessor-version":[{"id":18218,"href":"https:\/\/www.agrupament.cat\/portal\/wp-json\/wp\/v2\/posts\/18217\/revisions\/18218"}],"wp:featuredmedia":[{"embeddable":true,"href":"https:\/\/www.agrupament.cat\/portal\/wp-json\/wp\/v2\/media\/10018"}],"wp:attachment":[{"href":"https:\/\/www.agrupament.cat\/portal\/wp-json\/wp\/v2\/media?parent=18217"}],"wp:term":[{"taxonomy":"category","embeddable":true,"href":"https:\/\/www.agrupament.cat\/portal\/wp-json\/wp\/v2\/categories?post=18217"},{"taxonomy":"post_tag","embeddable":true,"href":"https:\/\/www.agrupament.cat\/portal\/wp-json\/wp\/v2\/tags?post=18217"}],"curies":[{"name":"wp","href":"https:\/\/api.w.org\/{rel}","templated":true}]}}