{"id":18129,"date":"2014-06-10T10:00:08","date_gmt":"2014-06-10T09:00:08","guid":{"rendered":"http:\/\/www.agrupament.cat\/portal\/?p=18129"},"modified":"2014-06-13T16:05:37","modified_gmt":"2014-06-13T15:05:37","slug":"18129","status":"publish","type":"post","link":"https:\/\/www.agrupament.cat\/portal\/2014\/06\/18129\/","title":{"rendered":"Vaga a Fran\u00e7a que afecta els serveis que enllacen Catalunya amb Fran\u00e7a"},"content":{"rendered":"<p><strong><a href=\"http:\/\/www.agrupament.cat\/portal\/wp-content\/uploads\/2014\/06\/Renfe\u00b7SNCF.png\"><img loading=\"lazy\" decoding=\"async\" class=\"alignleft size-full wp-image-18130\" alt=\"Renfe\u00b7SNCF\" src=\"http:\/\/www.agrupament.cat\/portal\/wp-content\/uploads\/2014\/06\/Renfe\u00b7SNCF.png\" width=\"158\" height=\"50\" \/><\/a>A partir d\u2019avui a les 20.00 hores<\/strong><br \/>\n<strong>Una vaga a Fran\u00e7a afecta els serveis internacionals que enllacen Catalunya amb Fran\u00e7a<\/strong><br \/>\n<strong>\u00b7 Els trens Regionals de la l\u00ednia <span style=\"color: #ffffff; background-color: #000080;\">R11<\/span> iniciaran el seu recorregut a Portbou<\/strong><br \/>\n<strong>\u00b7 Els clients tenen a la seva disposici\u00f3 el tel\u00e8fon<span style=\"color: #ffffff; background-color: #800080;\"> 902 320 320<\/span><\/strong><\/p>\n<p><!--nextpage--><\/p>\n<p>Barcelona, 10 de juny de 2014.<br \/>\nLa convocat\u00f2ria d\u2019aturada laboral a l\u2019operadora ferrovi\u00e0ria SNCF a partir de les 20.00 hores d\u2019avui 10 de juny, afectar\u00e0 de la seg\u00fcent manera als serveis que enllacen Catalunya amb Fran\u00e7a:<\/p>\n<p><strong>\u2022 Dimarts 10 de juny<\/strong><br \/>\n&#8211; Tren Barcelona (17.25) \u2013 Lyon (22.24) circular\u00e0 fins a Perpignan on els clients transbordaran a una altre tren per poder continuar fins a destinaci\u00f3<br \/>\n&#8211; Resta de serveis prestaran el servei habitual<\/p>\n<p><strong>\u2022 Dimecres 11 i dijous 12 de juny<\/strong><br \/>\n&#8211; Tren Barcelona (9.20) \u2013 Paris (15.56) i Barcelona (16.20) \u2013 Paris (22.28) aix\u00ed com els trens Par\u00eds (7.15) \u2013 Barcelona (13.40) i Par\u00eds (14.07) \u2013 Barcelona (20.40) prestaran el seu servei habitual<br \/>\n&#8211; Serveis Madrid \u2013 Barcelona \u2013 Marsella i viceversa circularan amb normalitat<br \/>\n&#8211; La resta de trens que enllacen amb Par\u00eds, Lyon i Toulousse circularan \u00fanicament en el tram Barcelona \u2013 Figueres Vilafant.<\/p>\n<p>D\u2019altra banda, durant el per\u00edode d\u2019aturada laboral a Fran\u00e7a, els trens de la l\u00ednia<strong><span style=\"color: #ffffff; background-color: #ff0000;\"> R3 <\/span><\/strong>inicien i finalitzen el seu recorregut a Puigcerd\u00e0. Aix\u00ed com els trens Regionals de la l\u00ednia <strong><span style=\"color: #ffffff; background-color: #000080;\">R11 <\/span><\/strong>(Barcelona \u2013 Portbou per Girona) inicien i finalitzen a Portbou.<\/p>\n<p>Renfe \u00e9s completament aliena a aquesta circumst\u00e0ncia i lamenta les mol\u00e8sties que pogu\u00e9s provocar aquesta vaga. D\u2019altra banda, recomana als seus clients la consulta de qualsevol possible incid\u00e8ncia a la circulaci\u00f3 del seu tren o la resoluci\u00f3 de dubtes a l\u2019efecte en el tel\u00e8fon \u00fanic d\u2019atenci\u00f3 i reserves: <strong><span style=\"color: #ffffff; background-color: #800080;\">902 320 320.<\/span><\/strong><\/p>\n<p><strong>A m\u00e9s, Renfe-SNCF en Cooperaci\u00f3n han establert com a mesures de postvenda el reemborsament del 100% del import del bitllet pels clients que desisteixin del seu viatge o canvi de data del viatge sense costos pels viatgers que es decideixin per aquesta opci\u00f3.<\/strong><\/p>\n","protected":false},"excerpt":{"rendered":"<p>A partir d\u2019avui a les 20.00 hores Una vaga a Fran\u00e7a afecta els serveis internacionals que enllacen Catalunya amb Fran\u00e7a<\/p>\n","protected":false},"author":4,"featured_media":17150,"comment_status":"closed","ping_status":"open","sticky":false,"template":"","format":"standard","meta":{"footnotes":""},"categories":[],"tags":[17,305,103,72,509,478,472,58],"class_list":["post-18129","post","type-post","status-publish","format-standard","has-post-thumbnail","hentry","tag-afectacions-e-incidencies","tag-barcelona-sants","tag-francia","tag-renfe-operadora","tag-renfe-sncf-en-cooperacion-en-cooperation","tag-sindicats","tag-sncf","tag-vagas-huelgas","comments-off"],"_links":{"self":[{"href":"https:\/\/www.agrupament.cat\/portal\/wp-json\/wp\/v2\/posts\/18129","targetHints":{"allow":["GET"]}}],"collection":[{"href":"https:\/\/www.agrupament.cat\/portal\/wp-json\/wp\/v2\/posts"}],"about":[{"href":"https:\/\/www.agrupament.cat\/portal\/wp-json\/wp\/v2\/types\/post"}],"author":[{"embeddable":true,"href":"https:\/\/www.agrupament.cat\/portal\/wp-json\/wp\/v2\/users\/4"}],"replies":[{"embeddable":true,"href":"https:\/\/www.agrupament.cat\/portal\/wp-json\/wp\/v2\/comments?post=18129"}],"version-history":[{"count":4,"href":"https:\/\/www.agrupament.cat\/portal\/wp-json\/wp\/v2\/posts\/18129\/revisions"}],"predecessor-version":[{"id":18135,"href":"https:\/\/www.agrupament.cat\/portal\/wp-json\/wp\/v2\/posts\/18129\/revisions\/18135"}],"wp:featuredmedia":[{"embeddable":true,"href":"https:\/\/www.agrupament.cat\/portal\/wp-json\/wp\/v2\/media\/17150"}],"wp:attachment":[{"href":"https:\/\/www.agrupament.cat\/portal\/wp-json\/wp\/v2\/media?parent=18129"}],"wp:term":[{"taxonomy":"category","embeddable":true,"href":"https:\/\/www.agrupament.cat\/portal\/wp-json\/wp\/v2\/categories?post=18129"},{"taxonomy":"post_tag","embeddable":true,"href":"https:\/\/www.agrupament.cat\/portal\/wp-json\/wp\/v2\/tags?post=18129"}],"curies":[{"name":"wp","href":"https:\/\/api.w.org\/{rel}","templated":true}]}}