{"id":17869,"date":"2014-04-22T08:00:26","date_gmt":"2014-04-22T07:00:26","guid":{"rendered":"http:\/\/www.agrupament.cat\/portal\/?p=17869"},"modified":"2014-04-22T19:24:39","modified_gmt":"2014-04-22T18:24:39","slug":"normalitzat-el-servei-de-metro-a-la-linia-2-entre-la-pau-i-pompeu-fabra","status":"publish","type":"post","link":"https:\/\/www.agrupament.cat\/portal\/2014\/04\/normalitzat-el-servei-de-metro-a-la-linia-2-entre-la-pau-i-pompeu-fabra\/","title":{"rendered":"Normalitzat el servei de metro a la l\u00ednia 2  entre La Pau i Pompeu Fabra"},"content":{"rendered":"<p><a href=\"http:\/\/www.agrupament.cat\/portal\/wp-content\/uploads\/2011\/02\/TMB013.gif\"><img loading=\"lazy\" decoding=\"async\" class=\"alignleft size-full wp-image-9726\" alt=\"TMB01\" src=\"http:\/\/www.agrupament.cat\/portal\/wp-content\/uploads\/2011\/02\/TMB013.gif\" width=\"68\" height=\"50\" \/><\/a><strong>Aquest mat\u00ed a les 5 h s\u2019ha restablert amb normalitat el servei en el tram de la l\u00ednia 2 de metro entre La Pau i Badalona Pompeu Fabra, de 4,5 quil\u00f2metres de longitud, que ha estat susp\u00e8s des del passat 12 d\u2019abril, per treballs de modernitzaci\u00f3 de la infraestructura i millora de les vies.<\/strong><\/p>\n<p><!--nextpage--><\/p>\n<p>La suspensi\u00f3 del servei durant deu dies ha perm\u00e8s executar obres en set trams de la l\u00ednia 2 situats entre la Verneda i Pep Ventura, a Badalona, treballs incompatibles amb la circulaci\u00f3 de trens.<\/p>\n<p>&nbsp;<\/p>\n<p>En concret s\u2019han renovat 550 metres de via simple, actuaci\u00f3 que ha comportat el desballestament de la via existent, la demolici\u00f3 del formig\u00f3 que actualment forma la solera de la via, la instal\u2022laci\u00f3 de nous carrils, fixacions i travesses, i el formigonat de la nova via. Tamb\u00e9 s\u2019han renovat 150 metres de drenatge de t\u00fanel.<\/p>\n<p>&nbsp;<\/p>\n<p>Durant l\u2019afectaci\u00f3 els usuaris han pogut utilitzar com a alternativa un servei especial d\u2019autobusos. Tamb\u00e9 han pogut arribar a Gorg a trav\u00e9s de la l\u00ednia 10 del metro, utilitzar la l\u00ednia H10 de la nova xarxa de bus i la T5 de Trambes\u00f2s.<\/p>\n","protected":false},"excerpt":{"rendered":"<p>Aquest mat\u00ed a les 5 h s\u2019ha restablert amb normalitat el servei en el tram de la l\u00ednia 2 de<\/p>\n","protected":false},"author":4,"featured_media":17789,"comment_status":"closed","ping_status":"open","sticky":false,"template":"","format":"standard","meta":{"footnotes":""},"categories":[],"tags":[256,35,43,19,125,56],"class_list":["post-17869","post","type-post","status-publish","format-standard","has-post-thumbnail","hentry","tag-badalona","tag-barcelona","tag-estacions","tag-infraestructures","tag-l02-parallel-badalona-pompeu-fabra","tag-metro-barcelona-tmb","comments-off"],"_links":{"self":[{"href":"https:\/\/www.agrupament.cat\/portal\/wp-json\/wp\/v2\/posts\/17869","targetHints":{"allow":["GET"]}}],"collection":[{"href":"https:\/\/www.agrupament.cat\/portal\/wp-json\/wp\/v2\/posts"}],"about":[{"href":"https:\/\/www.agrupament.cat\/portal\/wp-json\/wp\/v2\/types\/post"}],"author":[{"embeddable":true,"href":"https:\/\/www.agrupament.cat\/portal\/wp-json\/wp\/v2\/users\/4"}],"replies":[{"embeddable":true,"href":"https:\/\/www.agrupament.cat\/portal\/wp-json\/wp\/v2\/comments?post=17869"}],"version-history":[{"count":1,"href":"https:\/\/www.agrupament.cat\/portal\/wp-json\/wp\/v2\/posts\/17869\/revisions"}],"predecessor-version":[{"id":17870,"href":"https:\/\/www.agrupament.cat\/portal\/wp-json\/wp\/v2\/posts\/17869\/revisions\/17870"}],"wp:featuredmedia":[{"embeddable":true,"href":"https:\/\/www.agrupament.cat\/portal\/wp-json\/wp\/v2\/media\/17789"}],"wp:attachment":[{"href":"https:\/\/www.agrupament.cat\/portal\/wp-json\/wp\/v2\/media?parent=17869"}],"wp:term":[{"taxonomy":"category","embeddable":true,"href":"https:\/\/www.agrupament.cat\/portal\/wp-json\/wp\/v2\/categories?post=17869"},{"taxonomy":"post_tag","embeddable":true,"href":"https:\/\/www.agrupament.cat\/portal\/wp-json\/wp\/v2\/tags?post=17869"}],"curies":[{"name":"wp","href":"https:\/\/api.w.org\/{rel}","templated":true}]}}