{"id":17446,"date":"2014-02-15T08:00:26","date_gmt":"2014-02-15T07:00:26","guid":{"rendered":"http:\/\/www.agrupament.cat\/portal\/?p=17446"},"modified":"2014-02-22T08:16:51","modified_gmt":"2014-02-22T07:16:51","slug":"en-marxa-la-campanya-el-tren-dels-calcots","status":"publish","type":"post","link":"https:\/\/www.agrupament.cat\/portal\/2014\/02\/en-marxa-la-campanya-el-tren-dels-calcots\/","title":{"rendered":"En marxa la campanya \u2018El Tren dels Cal\u00e7ots\u2019"},"content":{"rendered":"<p><a href=\"http:\/\/www.agrupament.cat\/portal\/wp-content\/uploads\/2011\/07\/Renfe02.gif\"><img loading=\"lazy\" decoding=\"async\" class=\"alignleft size-full wp-image-11136\" alt=\"Renfe02\" src=\"http:\/\/www.agrupament.cat\/portal\/wp-content\/uploads\/2011\/07\/Renfe02.gif\" width=\"83\" height=\"35\" \/><\/a>La promoci\u00f3 s\u2019aplicar\u00e0 els caps de setmana del 15 de febrer al 9 de mar\u00e7<\/p>\n<p><strong>Renfe i Tarragona Turisme posen en marxa la campanya \u2018El Tren dels Cal\u00e7ots\u2019<\/strong><br \/>\n<strong>\u00b7 Aquesta iniciativa oferir\u00e0 descomptes especials als viatges d\u2019AVE i Euromed de Saragossa, Madrid, Alacant, Val\u00e8ncia i Castell\u00f3 a Tarragona, on s\u2019oferiran 5.800 places promocionals<\/strong><br \/>\n<strong>\u00b7 A m\u00e9s, inclour\u00e0 descomptes a restaurants que ofereixen \u2018cal\u00e7otades\u2019 i Hotels associats a aquesta iniciativa<\/strong><br \/>\n<!--nextpage--><br \/>\nTarragona, 14 de febrer de 2014 (Renfe)<br \/>\nRenfe i Tarragona Turisme col\u00b7laboren amb la promoci\u00f3 de productes de la zona amb la campanya \u2018El Tren dels Cal\u00e7ots\u2019. Els cap de setmana des del 15 de febrer fins el 9 de mar\u00e7 s\u2019oferiran preus especials als serveis AVE-Llarga Dist\u00e0ncia pels viatgers que es desplacin des de Saragossa, Madrid, Alacant, Val\u00e8ncia i Castell\u00f3 fins a Tarragona.<\/p>\n<p>Renfe oferir\u00e0 5.800 places promocionals amb les que es podr\u00e0 viatjar des de 37,20\u20ac de Madrid a Camp de Tarragona, o de Saragossa des de 18,25\u20ac i de Val\u00e8ncia a Tarragona des de 15,60\u20ac<\/p>\n<p>A m\u00e9s els viatgers que desitgin gaudir d\u2019aquesta experi\u00e8ncia gastron\u00f2mica comptaran amb descomptes a restaurants i hotels associats a aquesta iniciativa. Aix\u00ed mateix, els passatgers d\u2019\u201cEl Tren dels Cal\u00e7ots\u201d tindran inclosos a la reserva del seu hotel els despla\u00e7aments (anada i tornada) des de l\u2019estaci\u00f3 de Camp de Tarragona als hotels. A m\u00e9s, gaudiran d\u2019un servei especial de trasllats des dels hotels als restaurants de la zona, havent de formalitzar les seves reserves i el pagament de la mateixa al propi hotel de destinaci\u00f3.<\/p>\n<p>Amb aquesta campanya, Renfe i Tarragona Turisme pret\u00e9n donar a con\u00e8ixer un producte propi de la zona com \u00e9s el \u2018Cal\u00e7ot\u2019 a altres indrets de la geografia espanyola que compten amb bones connexions en trens fins a la prov\u00edncia tarragonina.<\/p>\n<p>Per despla\u00e7ar-se a Camp de Tarragona, els viatgers de Saragossa i Madrid compten di\u00e0riament amb 10 serveis AVE, i d\u2019altra banda 7 serveis Euromed connecten a diari Val\u00e8ncia o Castell\u00f3 amb Tarragona.<\/p>\n<p>Tota la informaci\u00f3 sobre aquesta iniciativa es pot trobar a<a href=\"http:\/\/www.renfe.com\"><strong><span style=\"background-color: #800080; color: #ffffff;\"> www.renfe.com<\/span><\/strong><\/a>, <strong><span style=\"background-color: #c0c0c0; color: #0000ff;\"><a href=\"http:\/\/www.tarragonaturisme.com\"><span style=\"background-color: #c0c0c0; color: #0000ff;\">www.tarragonaturisme.com<\/span><\/a><\/span><\/strong> i <span style=\"color: #000000;\"><strong><span style=\"background-color: #ff0000;\"><a href=\"http:\/\/http:\/\/www.restaurantcal\u00e7otada.cat\"><span style=\"background-color: #ff0000; color: #000000;\">http:\/\/www.restaurantcal\u00e7otada.cat<\/span><\/a><\/span><\/strong><\/span><\/p>\n","protected":false},"excerpt":{"rendered":"<p>La promoci\u00f3 s\u2019aplicar\u00e0 els caps de setmana del 15 de febrer al 9 de mar\u00e7 Renfe i Tarragona Turisme posen<\/p>\n","protected":false},"author":4,"featured_media":17447,"comment_status":"closed","ping_status":"open","sticky":false,"template":"","format":"standard","meta":{"footnotes":""},"categories":[],"tags":[25,268,41,305,236,301,42,424,32,137,237],"class_list":["post-17446","post","type-post","status-publish","format-standard","has-post-thumbnail","hentry","tag-actes-congrtesosi-exposicions-fires-i-formacio","tag-alicante","tag-ave","tag-barcelona-sants","tag-camp-de-tarragona","tag-castello","tag-llarga-distancia-larga-distancia","tag-madrid-puerta-de-atocha","tag-tarragona","tag-valencia","tag-zaragoza-delicias","comments-off"],"_links":{"self":[{"href":"https:\/\/www.agrupament.cat\/portal\/wp-json\/wp\/v2\/posts\/17446","targetHints":{"allow":["GET"]}}],"collection":[{"href":"https:\/\/www.agrupament.cat\/portal\/wp-json\/wp\/v2\/posts"}],"about":[{"href":"https:\/\/www.agrupament.cat\/portal\/wp-json\/wp\/v2\/types\/post"}],"author":[{"embeddable":true,"href":"https:\/\/www.agrupament.cat\/portal\/wp-json\/wp\/v2\/users\/4"}],"replies":[{"embeddable":true,"href":"https:\/\/www.agrupament.cat\/portal\/wp-json\/wp\/v2\/comments?post=17446"}],"version-history":[{"count":1,"href":"https:\/\/www.agrupament.cat\/portal\/wp-json\/wp\/v2\/posts\/17446\/revisions"}],"predecessor-version":[{"id":17448,"href":"https:\/\/www.agrupament.cat\/portal\/wp-json\/wp\/v2\/posts\/17446\/revisions\/17448"}],"wp:featuredmedia":[{"embeddable":true,"href":"https:\/\/www.agrupament.cat\/portal\/wp-json\/wp\/v2\/media\/17447"}],"wp:attachment":[{"href":"https:\/\/www.agrupament.cat\/portal\/wp-json\/wp\/v2\/media?parent=17446"}],"wp:term":[{"taxonomy":"category","embeddable":true,"href":"https:\/\/www.agrupament.cat\/portal\/wp-json\/wp\/v2\/categories?post=17446"},{"taxonomy":"post_tag","embeddable":true,"href":"https:\/\/www.agrupament.cat\/portal\/wp-json\/wp\/v2\/tags?post=17446"}],"curies":[{"name":"wp","href":"https:\/\/api.w.org\/{rel}","templated":true}]}}