{"id":17418,"date":"2014-02-06T07:20:33","date_gmt":"2014-02-06T06:20:33","guid":{"rendered":"http:\/\/www.agrupament.cat\/portal\/?p=17418"},"modified":"2014-02-06T07:20:33","modified_gmt":"2014-02-06T06:20:33","slug":"el-material-motor-i-mobil-actual-dfgc","status":"publish","type":"post","link":"https:\/\/www.agrupament.cat\/portal\/2014\/02\/el-material-motor-i-mobil-actual-dfgc\/","title":{"rendered":"El material motor i m\u00f2bil actual d\u2019FGC"},"content":{"rendered":"<p><strong><a href=\"http:\/\/www.agrupament.cat\/portal\/wp-content\/uploads\/2010\/12\/FGC2G1.gif\"><img loading=\"lazy\" decoding=\"async\" class=\"alignleft size-full wp-image-9345\" alt=\"FGC2G\" src=\"http:\/\/www.agrupament.cat\/portal\/wp-content\/uploads\/2010\/12\/FGC2G1.gif\" width=\"88\" height=\"35\" \/><\/a>El material motor i m\u00f2bil actual d\u2019FGC, protagonista d\u2019un nou llibre de Carles Salmer\u00f3n<\/strong><br \/>\n<strong>\u00b7 El llibre, escrit per l\u2019historiador Carles Salmer\u00f3n, fa un an\u00e0lisi dels vehicles que conformen actualment el parc m\u00f2bil d\u2019FGC<\/strong><br \/>\n<!--nextpage--><br \/>\n<a href=\"http:\/\/www.agrupament.cat\/portal\/wp-content\/uploads\/2014\/02\/FGC\u00b7Material-motor-i-m\u00f2bil.jpg\"><img loading=\"lazy\" decoding=\"async\" class=\"alignleft size-full wp-image-17421\" alt=\"FGC\u00b7Material motor i m\u00f2bil\" src=\"http:\/\/www.agrupament.cat\/portal\/wp-content\/uploads\/2014\/02\/FGC\u00b7Material-motor-i-m\u00f2bil.jpg\" width=\"250\" height=\"364\" srcset=\"https:\/\/www.agrupament.cat\/portal\/wp-content\/uploads\/2014\/02\/FGC\u00b7Material-motor-i-m\u00f2bil.jpg 250w, https:\/\/www.agrupament.cat\/portal\/wp-content\/uploads\/2014\/02\/FGC\u00b7Material-motor-i-m\u00f2bil-206x300.jpg 206w\" sizes=\"auto, (max-width: 250px) 100vw, 250px\" \/><\/a>Barcelona, 5 de febrer de 2014<br \/>\nEl president d\u2019FGC, Enric Tic\u00f3, va presentar dilluns a la sala de plens del Districte de Sarri\u00e0 \u2013 Sant Gervasi el llibre \u201cFGC, el material motor i m\u00f2bil\u201d, editat per Terminus. L\u2019obra, escrita per l\u2019historiador Carles Salmer\u00f3n, \u00e9s un inventari exhaustiu i complert que detalla de forma enciclop\u00e8dica la hist\u00f2ria i les caracter\u00edstiques t\u00e8cniques de tots i cadascun dels vehicles que conformen actualment el parc de material motor i m\u00f2bil dels FGC.<\/p>\n<p>&nbsp;<\/p>\n<p>Emmarcat dins dels diferents actes per commemorar la celebraci\u00f3 dels 150 anys del Tren de Sarri\u00e0, el llibre evidencia la completa renovaci\u00f3 del material motor i m\u00f2bil de Ferrocarrils de la Generalitat de Catalunya, una renovaci\u00f3 constant al llarg dels anys amb l\u2019objectiu d\u2019aconseguir la qualitat i l\u2019excel\u00b7l\u00e8ncia en els serveis oferts als clients. Actualment, FGC \u00e9s la companyia ferrovi\u00e0ria m\u00e9s variada del m\u00f3n amb la gesti\u00f3 de l\u00ednies de fins a 4 amples de via (600, 1.000, 1.435 i 1.668 mm).<\/p>\n<p>&nbsp;<\/p>\n<p>Aquesta gran varietat d\u2019amples, sumada a la diversitat de caracter\u00edstiques t\u00e8cniques i de tipologies de vehicles que conformen prop de 100 s\u00e8ries diferents, fa necess\u00e0ria la redacci\u00f3 d\u2019un inventari com el que recull aquesta obra, que tingu\u00e9s en compte per primera vegada la globalitat del material de la xarxa d\u2019FGC.<\/p>\n<p>El llibre \u00e9s fru\u00eft d\u2019un treball de camp important, ja que a m\u00e9s de consultar i revisar tota la documentaci\u00f3 existent de la companyia, l\u2019autor ha verificat sobre el terreny moltes de les dades que s\u2019hi recullen.<\/p>\n<p>&nbsp;<\/p>\n<p><strong>L\u2019autor: Carles Salmer\u00f3n i Bosch<\/strong><br \/>\nCarles Salmer\u00f3n i Bosch \u00e9s historiador i escriptor. \u00c9s autor de m\u00e9s de 40 llibres, dels quals destaquen els 20 volums de la seva obra sobre la hist\u00f2ria del ferrocarril a Catalunya \u201cEls Trens de Catalunya\u201d, la qual tamb\u00e9 fou la base de la s\u00e8rie hom\u00f2nima de televisi\u00f3 produ\u00efda per TVE.<\/p>\n<p>Durant els darrers anys ha col\u00b7laborat amb institucions europees i diferents governs estrangers i organismes internacionals, fet que li ha perm\u00e8s visitar personalment i con\u00e8ixer de primera m\u00e0 tots els sistemes de transport p\u00fablics que existeixen entre l\u2019Atl\u00e0ntic i els Urals. Fruit d\u2019aquesta recerca s\u00f3n els seus diferents llibres de tem\u00e0tica europea, com l\u2019\u201cEnciclop\u00e8dia dels Transports d\u2019Europa\u201d, \u201cEls Tramvies d\u2019Europa\u201d, \u201cEls Trams-Trens d\u2019Europa\u201d o \u201cDel Segle XIX al Segle XXI: torna l\u2019Era del Ferrocarril\u201d, editades en diferents idiomes i que estan considerades obres de refer\u00e8ncia a nivell internacional.<\/p>\n","protected":false},"excerpt":{"rendered":"<p>El material motor i m\u00f2bil actual d\u2019FGC, protagonista d\u2019un nou llibre de Carles Salmer\u00f3n \u00b7 El llibre, escrit per l\u2019historiador<\/p>\n","protected":false},"author":4,"featured_media":17420,"comment_status":"closed","ping_status":"open","sticky":false,"template":"","format":"standard","meta":{"footnotes":""},"categories":[],"tags":[25,35,47,26],"class_list":["post-17418","post","type-post","status-publish","format-standard","has-post-thumbnail","hentry","tag-actes-congrtesosi-exposicions-fires-i-formacio","tag-barcelona","tag-fgc-ferrocarrils-de-la-generalitat-de-catalunya","tag-publicacions-publicaciones-diris-diarios-revistes-revistas-llibres-libros-tv","comments-off"],"_links":{"self":[{"href":"https:\/\/www.agrupament.cat\/portal\/wp-json\/wp\/v2\/posts\/17418","targetHints":{"allow":["GET"]}}],"collection":[{"href":"https:\/\/www.agrupament.cat\/portal\/wp-json\/wp\/v2\/posts"}],"about":[{"href":"https:\/\/www.agrupament.cat\/portal\/wp-json\/wp\/v2\/types\/post"}],"author":[{"embeddable":true,"href":"https:\/\/www.agrupament.cat\/portal\/wp-json\/wp\/v2\/users\/4"}],"replies":[{"embeddable":true,"href":"https:\/\/www.agrupament.cat\/portal\/wp-json\/wp\/v2\/comments?post=17418"}],"version-history":[{"count":1,"href":"https:\/\/www.agrupament.cat\/portal\/wp-json\/wp\/v2\/posts\/17418\/revisions"}],"predecessor-version":[{"id":17422,"href":"https:\/\/www.agrupament.cat\/portal\/wp-json\/wp\/v2\/posts\/17418\/revisions\/17422"}],"wp:featuredmedia":[{"embeddable":true,"href":"https:\/\/www.agrupament.cat\/portal\/wp-json\/wp\/v2\/media\/17420"}],"wp:attachment":[{"href":"https:\/\/www.agrupament.cat\/portal\/wp-json\/wp\/v2\/media?parent=17418"}],"wp:term":[{"taxonomy":"category","embeddable":true,"href":"https:\/\/www.agrupament.cat\/portal\/wp-json\/wp\/v2\/categories?post=17418"},{"taxonomy":"post_tag","embeddable":true,"href":"https:\/\/www.agrupament.cat\/portal\/wp-json\/wp\/v2\/tags?post=17418"}],"curies":[{"name":"wp","href":"https:\/\/api.w.org\/{rel}","templated":true}]}}