{"id":17231,"date":"2013-12-30T21:00:49","date_gmt":"2013-12-30T20:00:49","guid":{"rendered":"http:\/\/www.agrupament.cat\/portal\/?p=17231"},"modified":"2013-12-30T16:55:17","modified_gmt":"2013-12-30T15:55:17","slug":"tren-electromagnetic","status":"publish","type":"post","link":"https:\/\/www.agrupament.cat\/portal\/2013\/12\/tren-electromagnetic\/","title":{"rendered":"Tren Electromagn\u00e8tic"},"content":{"rendered":"<p><strong><a href=\"http:\/\/www.agrupament.cat\/portal\/wp-content\/uploads\/2013\/12\/Universitat-politecnica-Mataro.jpeg\"><img loading=\"lazy\" decoding=\"async\" class=\"alignleft size-full wp-image-17233\" alt=\"Universitat politecnica Mataro\" src=\"http:\/\/www.agrupament.cat\/portal\/wp-content\/uploads\/2013\/12\/Universitat-politecnica-Mataro.jpeg\" width=\"136\" height=\"90\" \/><\/a>El proper DISSABTE 11 DE GENER DE 2014 al Tecnocampus de l\u2019Escola Universit\u00e0ria Polit\u00e8cnica de Matar\u00f3 \u2013Passeig Callao, 8 08301 MATAR\u00d3 937 907 444? es fara una xerrada\/col?loqui a c\u00e0rrec del Doctor en Ci\u00e8ncies F\u00edsiques Albert SERRA VALLS, inventor d\u2019un sistema de tren electromagn\u00e8tic , junt amb l\u2019equip d\u2019enginyers d\u2019Innovem desenvolupadors del projecte a la que han convidat a assistir aquells membres de la FCAF que els pugui interessar.<\/strong><\/p>\n<p><!--nextpage--><\/p>\n<p>L\u2019acte es far\u00e0 el dit dissabte 11 de gener de 2014 de 10:30 a 12:00 hores i hi assistir\u00e0 el<br \/>\nprofessor titular de F\u00edsica i Matem\u00e0tiques de la Polit\u00e8cnica Carles Paul Recasens.<\/p>\n","protected":false},"excerpt":{"rendered":"<p>El proper DISSABTE 11 DE GENER DE 2014 al Tecnocampus de l\u2019Escola Universit\u00e0ria Polit\u00e8cnica de Matar\u00f3 \u2013Passeig Callao, 8 08301<\/p>\n","protected":false},"author":4,"featured_media":0,"comment_status":"closed","ping_status":"open","sticky":false,"template":"","format":"standard","meta":{"footnotes":""},"categories":[],"tags":[25,454],"class_list":["post-17231","post","type-post","status-publish","format-standard","hentry","tag-actes-congrtesosi-exposicions-fires-i-formacio","tag-mataro","comments-off"],"_links":{"self":[{"href":"https:\/\/www.agrupament.cat\/portal\/wp-json\/wp\/v2\/posts\/17231","targetHints":{"allow":["GET"]}}],"collection":[{"href":"https:\/\/www.agrupament.cat\/portal\/wp-json\/wp\/v2\/posts"}],"about":[{"href":"https:\/\/www.agrupament.cat\/portal\/wp-json\/wp\/v2\/types\/post"}],"author":[{"embeddable":true,"href":"https:\/\/www.agrupament.cat\/portal\/wp-json\/wp\/v2\/users\/4"}],"replies":[{"embeddable":true,"href":"https:\/\/www.agrupament.cat\/portal\/wp-json\/wp\/v2\/comments?post=17231"}],"version-history":[{"count":2,"href":"https:\/\/www.agrupament.cat\/portal\/wp-json\/wp\/v2\/posts\/17231\/revisions"}],"predecessor-version":[{"id":17234,"href":"https:\/\/www.agrupament.cat\/portal\/wp-json\/wp\/v2\/posts\/17231\/revisions\/17234"}],"wp:attachment":[{"href":"https:\/\/www.agrupament.cat\/portal\/wp-json\/wp\/v2\/media?parent=17231"}],"wp:term":[{"taxonomy":"category","embeddable":true,"href":"https:\/\/www.agrupament.cat\/portal\/wp-json\/wp\/v2\/categories?post=17231"},{"taxonomy":"post_tag","embeddable":true,"href":"https:\/\/www.agrupament.cat\/portal\/wp-json\/wp\/v2\/tags?post=17231"}],"curies":[{"name":"wp","href":"https:\/\/api.w.org\/{rel}","templated":true}]}}