{"id":16450,"date":"2013-09-17T10:25:04","date_gmt":"2013-09-17T09:25:04","guid":{"rendered":"http:\/\/www.agrupament.cat\/portal\/?p=16450"},"modified":"2013-09-17T10:25:04","modified_gmt":"2013-09-17T09:25:04","slug":"ffe%c2%b7apertura-del-curso-academico-2013-14","status":"publish","type":"post","link":"https:\/\/www.agrupament.cat\/portal\/2013\/09\/ffe%c2%b7apertura-del-curso-academico-2013-14\/","title":{"rendered":"FFE\u00b7Apertura del curso acad\u00e9mico 2013-14"},"content":{"rendered":"<p><a href=\"http:\/\/www.agrupament.cat\/portal\/wp-content\/uploads\/2012\/03\/FFE\u00b7AulaFerroviaria2.jpg\"><img loading=\"lazy\" decoding=\"async\" class=\"alignleft size-full wp-image-13156\" alt=\"FFE\u00b7AulaFerroviaria2\" src=\"http:\/\/www.agrupament.cat\/portal\/wp-content\/uploads\/2012\/03\/FFE\u00b7AulaFerroviaria2.jpg\" width=\"100\" height=\"35\" \/><\/a><strong>Se ofrecen nuevas \u00c1reas de Conocimiento<\/strong><br \/>\n<strong>Formaci\u00f3n en Comercio Internacional para Pymes<\/strong><br \/>\n<strong>Avance de la programaci\u00f3n hasta diciembre y descuentos especiales<\/strong><\/p>\n<p><!--more-->El Aula de Formaci\u00f3n Ferroviaria presenta como novedad para el curso acad\u00e9mico 2013-14 un programa denominado \u00c1reas de Conocimiento, con el que se pretende diversificar y completar la oferta formativa. Se han seleccionado varios temas como el Comercio Internacional, Se\u00f1alizaci\u00f3n ferroviaria o Derecho del trabajo.<\/p>\n<p>El primer tema seleccionado est\u00e1 dedicado a la Formaci\u00f3n en Comercio Internacional para Pymes, dise\u00f1ado en colaboraci\u00f3n con la consultora Gordon Internacional. Su principal objetivo es proporcionar los conocimientos y habilidades necesarios para desenvolverse con eficacia en entornos empresariales internacionales, resolver las dudas surgidas en su operativa diaria y actualizar conocimientos en un \u00e1rea de la gesti\u00f3n empresarial cada vez m\u00e1s relevante para la supervivencia de la PYME espa\u00f1ola.<\/p>\n<p>&#8211; Marketing internacional (30 de septiembre y 1 de octubre)<br \/>\n&#8211; Negociaci\u00f3n y contrataci\u00f3n internacional (4 y 5 de noviembre)<br \/>\n&#8211; Log\u00edstica internacional (2 y 3 de diciembre)<br \/>\n&#8211; Financiaci\u00f3n internacional (20 y 21 de enero)<br \/>\n&#8211; La aduana en el comercio internacional (17 y 18 de febrero)<\/p>\n<p><strong>Otra \u00c1rea de Conocimiento est\u00e1 dedicada a la Formaci\u00f3n en Se\u00f1alizaci\u00f3n Ferroviaria, que consta de cinco cursos, dos de ellos ya programados:<\/strong><br \/>\n&#8211; Los componentes en los sistemas de se\u00f1alizaci\u00f3n: Detecci\u00f3n de tren, desv\u00edos y se\u00f1ales (23 y 24 de octubre)<br \/>\n&#8211; El bloqueo y la capacidad de transporte. Fundamentos y aplicaciones pr\u00e1cticas (27 y 28 de noviembre)<\/p>\n<p><strong>Por \u00faltimo est\u00e1 el \u00c1rea dedicada a la Formaci\u00f3n en Derecho al Trabajo, con especial referencia al sector transportes, con un total de cuatro cursos, dos de ellos durante este cuatrimestre:<\/strong><br \/>\n&#8211; La contrataci\u00f3n laboral y el acceso al trabajo: especial referencia al sector de transportes (20 y 21 de noviembre)<br \/>\n&#8211; La prestaci\u00f3n de servicios en el sector del transporte. Las condiciones de trabajo. (18 y jueves 19 de diciembre)<\/p>\n<p><strong>Tambi\u00e9n se ofrecen otros cuatro micro-cursos especializados en ferrocarril:<\/strong><br \/>\n&#8211; La Comisi\u00f3n Nacional de los Mercados y la Competencia: estructura, potestades y funciones en el sector ferroviario (8 y 9 de octubre)<br \/>\n&#8211; Instalaciones de protecci\u00f3n contra incendios en el material ferroviario (14 y 15 de octubre)<br \/>\n&#8211; Sostenibilidad e impacto ambiental de los diferentes modos de transportes (28 y 29 de octubre)<br \/>\n&#8211; Modelos de liberalizaci\u00f3n del transporte ferroviario de mercanc\u00edas en Europa. (18 y 19 de noviembre)<\/p>\n<p>El Aula de Formaci\u00f3n Ferroviaria es una actividad formativa de la Fundaci\u00f3n de los Ferrocarriles Espa\u00f1oles dirigido al \u00e1mbito profesional vinculado al sector del transporte terrestre. Surge para resolver las necesidades espec\u00edficas de formaci\u00f3n de los profesionales del sector y para complementar la formaci\u00f3n de los posgraduados universitarios.<\/p>\n<p>El programa de Microcursos se inici\u00f3 en marzo de 2011 y, desde entonces, se han impartido m\u00e1s de 80 distintos, abordando las m\u00e1s diversas tem\u00e1ticas relacionadas con el sector del transporte terrestre, especialmente ferroviario, y han participado m\u00e1s de 1.000 alumnos procedentes de m\u00e1s 80 empresas p\u00fablicas y privadas.<\/p>\n<p>M\u00e1s informaci\u00f3n: <a href=\"http:\/\/www.aulaferroviaria.es\"><strong><span style=\"background-color: #3366ff; color: #ffffff;\">www.aulaferroviaria.es<\/span><\/strong><\/a><br \/>\nformacion@formacion-ffe.es<br \/>\n<strong>911 511 059<\/strong><\/p>\n","protected":false},"excerpt":{"rendered":"<p>Se ofrecen nuevas \u00c1reas de Conocimiento Formaci\u00f3n en Comercio Internacional para Pymes Avance de la programaci\u00f3n hasta diciembre y descuentos<\/p>\n","protected":false},"author":4,"featured_media":15723,"comment_status":"closed","ping_status":"open","sticky":false,"template":"","format":"standard","meta":{"footnotes":""},"categories":[],"tags":[25,93,84],"class_list":["post-16450","post","type-post","status-publish","format-standard","has-post-thumbnail","hentry","tag-actes-congrtesosi-exposicions-fires-i-formacio","tag-ffe-fundacion-ferrocarriles-espanoles","tag-madrid","comments-off"],"_links":{"self":[{"href":"https:\/\/www.agrupament.cat\/portal\/wp-json\/wp\/v2\/posts\/16450","targetHints":{"allow":["GET"]}}],"collection":[{"href":"https:\/\/www.agrupament.cat\/portal\/wp-json\/wp\/v2\/posts"}],"about":[{"href":"https:\/\/www.agrupament.cat\/portal\/wp-json\/wp\/v2\/types\/post"}],"author":[{"embeddable":true,"href":"https:\/\/www.agrupament.cat\/portal\/wp-json\/wp\/v2\/users\/4"}],"replies":[{"embeddable":true,"href":"https:\/\/www.agrupament.cat\/portal\/wp-json\/wp\/v2\/comments?post=16450"}],"version-history":[{"count":1,"href":"https:\/\/www.agrupament.cat\/portal\/wp-json\/wp\/v2\/posts\/16450\/revisions"}],"predecessor-version":[{"id":16451,"href":"https:\/\/www.agrupament.cat\/portal\/wp-json\/wp\/v2\/posts\/16450\/revisions\/16451"}],"wp:featuredmedia":[{"embeddable":true,"href":"https:\/\/www.agrupament.cat\/portal\/wp-json\/wp\/v2\/media\/15723"}],"wp:attachment":[{"href":"https:\/\/www.agrupament.cat\/portal\/wp-json\/wp\/v2\/media?parent=16450"}],"wp:term":[{"taxonomy":"category","embeddable":true,"href":"https:\/\/www.agrupament.cat\/portal\/wp-json\/wp\/v2\/categories?post=16450"},{"taxonomy":"post_tag","embeddable":true,"href":"https:\/\/www.agrupament.cat\/portal\/wp-json\/wp\/v2\/tags?post=16450"}],"curies":[{"name":"wp","href":"https:\/\/api.w.org\/{rel}","templated":true}]}}