{"id":156,"date":"2007-03-18T07:45:50","date_gmt":"2007-03-18T06:45:50","guid":{"rendered":"http:\/\/www.agrupament.cat\/portal\/?p=156"},"modified":"2010-08-10T08:02:37","modified_gmt":"2010-08-10T07:02:37","slug":"el-museu-de-vilanova-candidat-a-meravella-del-patrimoni-cultural-de-catalunya","status":"publish","type":"post","link":"https:\/\/www.agrupament.cat\/portal\/2007\/03\/el-museu-de-vilanova-candidat-a-meravella-del-patrimoni-cultural-de-catalunya\/","title":{"rendered":"El Museu de Vilanova, candidat a meravella del patrimoni cultural de Catalunya"},"content":{"rendered":"<p>L\u2019Organitzaci\u00f3 Capital de la Cultura Catalana i Catalunya R\u00e0dio, en el marc de les activitats complement\u00e0ries a all\u00f2 que es desenvolupa a les ciutats designades com a capital cultural (Banyoles 2004, Esparreguera 2005, Amposta 2006, Lleida 2007 i Perpiny\u00e0 2008), han iniciat el proc\u00e9s per a elegir les set meravelles del patrimoni cultural material de Catalunya, amb la voluntat de divulgar aquest patrimoni d\u2019una manera did\u00e0ctica, pedag\u00f2gica, l\u00fadica i, alhora, motivar el coneixement i la visita als llocs seleccionats.<!--more--><br \/>\nEl Museu del Ferrocarril de Vilanova i la Geltr\u00fa ha estat triat com un dels aspirants a aquest reconeixement.<br \/>\nS\u2019ent\u00e9n per meravella del patrimoni cultural material de Catalunya aquells indrets de valor excepcional, que compleixin algun dels seg\u00fcents requisits:<br \/>\na) representar una obra mestra de l\u2019enginy creador hum\u00e0.<br \/>\nb) ser un testimoni excepcional de l\u2019arquitectura, l\u2019escultura, la pintura, les arts monumentals o l\u2019urbanisme.<br \/>\nc) ser un exemple eminent d\u2019un tipus de construcci\u00f3 que il\u2022lustri algun per\u00edode de la hist\u00f2ria de Catalunya.<br \/>\nLa campanya per a trobar les set meravelles del patrimoni cultural material de Catalunya t\u00e9 dues fases.<br \/>\n1) La primera s\u2019inicia el dia 5 de mar\u00e7 i finalitza el diumenge 1 d\u2019abril de 2007. En aquesta fase es seleccionaran les propostes que aniran a la fase final. Tothom qui ho desitgi pot fer la seva aportaci\u00f3 a trav\u00e9s d\u2019aquest Formulari.<br \/>\nPodeu accedir al Formulari per votar a trav\u00e9s de la plana web de la FCAF: <a href=\"http:\/\/www.fcaf.cat\/\">www.fcaf.cat<\/a><br \/>\n2) La segona fase, o proc\u00e9s d\u2019elecci\u00f3 definitiu, en la qual s\u2019incorporar\u00e0 Catalunya R\u00e0dio, s\u2019iniciar\u00e0 el dia 10 d\u2019abril, \u00e9s a dir, immediatament despr\u00e9s de Setmana Santa.<br \/>\nFinalment, i una vegada elegides les set meravelles del patrimoni cultural material de Catalunya, durant la setmana del 28 de maig al 3 de juny s\u2019elegir\u00e0 la meravella de les meravelles d\u2019entre les set meravelles ja elegides.<br \/>\nUn total de 90 propostes aspiren a convertir-se en una de les 7 meravelles del patrimoni cultural a Catalunya. Podeu consultar la llista completa a <a href=\"http:\/\/www.ccc.cat\/noticies.php?Id_noticies=118\">www.ccc.cat\/noticies.php?Id_noticies=118<\/a><\/p>\n","protected":false},"excerpt":{"rendered":"<p>L\u2019Organitzaci\u00f3 Capital de la Cultura Catalana i Catalunya R\u00e0dio, en el marc de les activitats complement\u00e0ries a all\u00f2 que es<\/p>\n","protected":false},"author":4,"featured_media":0,"comment_status":"closed","ping_status":"open","sticky":false,"template":"","format":"standard","meta":{"footnotes":""},"categories":[],"tags":[25,36,40],"class_list":["post-156","post","type-post","status-publish","format-standard","hentry","tag-actes-congrtesosi-exposicions-fires-i-formacio","tag-catalunya","tag-museus","comments-off"],"_links":{"self":[{"href":"https:\/\/www.agrupament.cat\/portal\/wp-json\/wp\/v2\/posts\/156","targetHints":{"allow":["GET"]}}],"collection":[{"href":"https:\/\/www.agrupament.cat\/portal\/wp-json\/wp\/v2\/posts"}],"about":[{"href":"https:\/\/www.agrupament.cat\/portal\/wp-json\/wp\/v2\/types\/post"}],"author":[{"embeddable":true,"href":"https:\/\/www.agrupament.cat\/portal\/wp-json\/wp\/v2\/users\/4"}],"replies":[{"embeddable":true,"href":"https:\/\/www.agrupament.cat\/portal\/wp-json\/wp\/v2\/comments?post=156"}],"version-history":[{"count":1,"href":"https:\/\/www.agrupament.cat\/portal\/wp-json\/wp\/v2\/posts\/156\/revisions"}],"predecessor-version":[{"id":8152,"href":"https:\/\/www.agrupament.cat\/portal\/wp-json\/wp\/v2\/posts\/156\/revisions\/8152"}],"wp:attachment":[{"href":"https:\/\/www.agrupament.cat\/portal\/wp-json\/wp\/v2\/media?parent=156"}],"wp:term":[{"taxonomy":"category","embeddable":true,"href":"https:\/\/www.agrupament.cat\/portal\/wp-json\/wp\/v2\/categories?post=156"},{"taxonomy":"post_tag","embeddable":true,"href":"https:\/\/www.agrupament.cat\/portal\/wp-json\/wp\/v2\/tags?post=156"}],"curies":[{"name":"wp","href":"https:\/\/api.w.org\/{rel}","templated":true}]}}