{"id":15507,"date":"2013-04-05T20:00:55","date_gmt":"2013-04-05T19:00:55","guid":{"rendered":"http:\/\/www.agrupament.cat\/portal\/?p=15507"},"modified":"2013-04-10T22:36:16","modified_gmt":"2013-04-10T21:36:16","slug":"un-comboi-del-metro-de-panama-amb-proves-de-circulacio-a-la-linea-del-valles","status":"publish","type":"post","link":"https:\/\/www.agrupament.cat\/portal\/2013\/04\/un-comboi-del-metro-de-panama-amb-proves-de-circulacio-a-la-linea-del-valles\/","title":{"rendered":"Un comboi del metro de Panam\u00e0 amb proves de circulaci\u00f3 a la l\u00ednea del Vall\u00e8s"},"content":{"rendered":"<p>Les proves es realitzaran durant 8 setmanes i es faran en horari nocturn.<\/p>\n<p><strong><a href=\"http:\/\/www.agrupament.cat\/portal\/wp-content\/uploads\/2010\/12\/FGC2G.gif\"><img loading=\"lazy\" decoding=\"async\" class=\"alignleft size-full wp-image-9331\" alt=\"FGC2G\" src=\"http:\/\/www.agrupament.cat\/portal\/wp-content\/uploads\/2010\/12\/FGC2G.gif\" width=\"88\" height=\"35\" \/><\/a>La unitat, fabricada per Alstom a Sta. Perp\u00e8tua de Mogoda, posar\u00e0 a prova les seves prestacions.<\/strong><\/p>\n<p>Hi ha un antecedent, amb els trens xinesos de Xin Min i Yang Pu.<a href=\"http:\/\/www.agrupament.cat\/portal\/wp-content\/uploads\/2013\/04\/Alstom\u00b7MetroPanama.png\"><img loading=\"lazy\" decoding=\"async\" class=\"alignright size-full wp-image-15509\" alt=\"Alstom\u00b7MetroPanama\" src=\"http:\/\/www.agrupament.cat\/portal\/wp-content\/uploads\/2013\/04\/Alstom\u00b7MetroPanama.png\" width=\"400\" height=\"300\" srcset=\"https:\/\/www.agrupament.cat\/portal\/wp-content\/uploads\/2013\/04\/Alstom\u00b7MetroPanama.png 400w, https:\/\/www.agrupament.cat\/portal\/wp-content\/uploads\/2013\/04\/Alstom\u00b7MetroPanama-300x225.png 300w\" sizes=\"auto, (max-width: 400px) 100vw, 400px\" \/><\/a><br \/>\n<!--more--><br \/>\nBarcelona, 5 d\u2019abril de 2013<br \/>\nUn comboi del metro de Panam\u00e0 (L1) va iniciar fa uns dies un per\u00edode de 8 setmanes de circulacions de prova a la l\u00ednia Barcelona-Vall\u00e8s de Ferrocarrils de la Generalitat de Catalunya. Aquestes proves es realitzaran de nit, fora del horari de servei comercial i en compatibilitat amb els treballs de manteniment de les instal\u00b7lacions.<\/p>\n<p>Aquest tren, que es troba a les instal\u00b7lacions del Centre Operatiu de Rub\u00ed (COR) \u00e9s un vehicle de la s\u00e8rie Metr\u00f2polis, fabricat per Alstom Transport a la factoria de Santa Perp\u00e8tua de Mogoda. Anteriorment, amb els trens xinesos de Xin Min i Yang Pu, ja es va sol\u00b7licitar fer \u00fas de les instal\u00b7lacions d\u2019FGC amb ample de via internacional de 1.435 mm per a la realitzaci\u00f3 de proves de circulaci\u00f3.<\/p>\n<p>Es tracta del primer tren tipus metro d\u2019aquesta s\u00e8rie i arriba a la xarxa d\u2019FGC per fer les proves en l\u00ednia de prestacions de marxa en tracci\u00f3 i frenat, sota diferents condicions de c\u00e0rrega i tamb\u00e9 uns quants kil\u00f2metres de rodatge de fiabilitzaci\u00f3.<\/p>\n<p>Aquesta actuaci\u00f3 generar\u00e0 uns ingressos extra per a FGC per ra\u00f3 de la utilitzaci\u00f3 de les instal\u00b7lacions de tallers i vies, aix\u00ed com per la prestaci\u00f3 del servei de conducci\u00f3 i acompanyament dels trens durant les proves.<\/p>\n","protected":false},"excerpt":{"rendered":"<p>Les proves es realitzaran durant 8 setmanes i es faran en horari nocturn. La unitat, fabricada per Alstom a Sta.<\/p>\n","protected":false},"author":4,"featured_media":15509,"comment_status":"closed","ping_status":"open","sticky":false,"template":"","format":"standard","meta":{"footnotes":""},"categories":[],"tags":[242,35,47,6,106,399],"class_list":["post-15507","post","type-post","status-publish","format-standard","has-post-thumbnail","hentry","tag-alstom","tag-barcelona","tag-fgc-ferrocarrils-de-la-generalitat-de-catalunya","tag-informacio-de-caracter-general","tag-linea-barcelona-valles","tag-panama","comments-off"],"_links":{"self":[{"href":"https:\/\/www.agrupament.cat\/portal\/wp-json\/wp\/v2\/posts\/15507","targetHints":{"allow":["GET"]}}],"collection":[{"href":"https:\/\/www.agrupament.cat\/portal\/wp-json\/wp\/v2\/posts"}],"about":[{"href":"https:\/\/www.agrupament.cat\/portal\/wp-json\/wp\/v2\/types\/post"}],"author":[{"embeddable":true,"href":"https:\/\/www.agrupament.cat\/portal\/wp-json\/wp\/v2\/users\/4"}],"replies":[{"embeddable":true,"href":"https:\/\/www.agrupament.cat\/portal\/wp-json\/wp\/v2\/comments?post=15507"}],"version-history":[{"count":4,"href":"https:\/\/www.agrupament.cat\/portal\/wp-json\/wp\/v2\/posts\/15507\/revisions"}],"predecessor-version":[{"id":15510,"href":"https:\/\/www.agrupament.cat\/portal\/wp-json\/wp\/v2\/posts\/15507\/revisions\/15510"}],"wp:featuredmedia":[{"embeddable":true,"href":"https:\/\/www.agrupament.cat\/portal\/wp-json\/wp\/v2\/media\/15509"}],"wp:attachment":[{"href":"https:\/\/www.agrupament.cat\/portal\/wp-json\/wp\/v2\/media?parent=15507"}],"wp:term":[{"taxonomy":"category","embeddable":true,"href":"https:\/\/www.agrupament.cat\/portal\/wp-json\/wp\/v2\/categories?post=15507"},{"taxonomy":"post_tag","embeddable":true,"href":"https:\/\/www.agrupament.cat\/portal\/wp-json\/wp\/v2\/tags?post=15507"}],"curies":[{"name":"wp","href":"https:\/\/api.w.org\/{rel}","templated":true}]}}