{"id":15307,"date":"2013-03-01T08:00:48","date_gmt":"2013-03-01T07:00:48","guid":{"rendered":"http:\/\/www.agrupament.cat\/portal\/?p=15307"},"modified":"2013-03-15T10:26:55","modified_gmt":"2013-03-15T09:26:55","slug":"territori-i-sostenibilitat-completa-les-obres-dadaptacio-de-lestacio-de-ll4-de-llacuna","status":"publish","type":"post","link":"https:\/\/www.agrupament.cat\/portal\/2013\/03\/territori-i-sostenibilitat-completa-les-obres-dadaptacio-de-lestacio-de-ll4-de-llacuna\/","title":{"rendered":"Territori i Sostenibilitat completa les obres d&#8217;adaptaci\u00f3 de l&#8217;estaci\u00f3 de l&#8217;L4 de Llacuna"},"content":{"rendered":"<p><a href=\"http:\/\/www.agrupament.cat\/portal\/wp-content\/uploads\/2011\/02\/TerritoriSostenibilitat.jpg\"><img loading=\"lazy\" decoding=\"async\" class=\"alignleft size-full wp-image-9662\" alt=\"TerritoriSostenibilitat\" src=\"http:\/\/www.agrupament.cat\/portal\/wp-content\/uploads\/2011\/02\/TerritoriSostenibilitat.jpg\" width=\"161\" height=\"35\" \/><\/a>\u00a0En les properes setmanes tamb\u00e9 quedar\u00e0 adaptada l\u2019estaci\u00f3 de l\u2019L5 de Virrei Amat.<\/p>\n<p><strong>El Departament de Territori i Sostenibilitat ha finalitzat les obres de millora de l\u2019accessibilitat de l\u2019estaci\u00f3 de l\u2019L4 de Llacuna. L\u2019obra forma part del conjunt d\u2019actuacions que el TES t\u00e9 en marxa per adaptar la totalitat de la xarxa de transports p\u00fablics del territori.<\/strong><br \/>\n<!--more--><br \/>\nAix\u00ed, la setmana passada tamb\u00e9 es va completar l\u2019adaptaci\u00f3 a persones amb mobilitat redu\u00efda de l\u2019estaci\u00f3 de l\u2019L4 de Bogatell, i en les properes setmanes, est\u00e0 previst que quedi adaptada l\u2019estaci\u00f3 de l\u2019L5 de Virrei Amat. A m\u00e9s, el TES treballa en la millora de l\u2019accessibilitat en altres estacions, com ara la de Zona Universit\u00e0ria (L3), i\u00a0 Collblanc (L5), en el marc de les obres de l\u2019L9; i en la de Passeig de Gr\u00e0cia (L3), en col\u00b7laboraci\u00f3 amb ADIF, aix\u00ed com en la redacci\u00f3 de la totalitat dels projectes de les estacions de Metro pendents d\u2019adaptar a persones amb mobilitat redu\u00efda. Amb Llacuna, ja s\u00f3n 118 les estacions adaptades de la xarxa de metro, d\u2019un total de 139, la qual cosa suposa el 85%.<\/p>\n<p>Tres nous ascensors a Llacuna<br \/>\nLes obres de millora de l\u2019accessibilitat que ara finalitzen han consistit en la l\u2019adequaci\u00f3 de l\u2019estaci\u00f3 de Llacuna per encabir-hi tres nous ascensors que serviran per millorar la connexi\u00f3 entre l\u2019exterior, el vest\u00edbul i les andanes d\u2019aquesta estaci\u00f3.<\/p>\n<p>Concretament, l\u2019ascensor de l\u2019acc\u00e9s exterior se situa a la banda muntanya de la cru\u00eflla del carrer de ciutat de Granada i el carrer de Pujades. A m\u00e9s, s\u2019ha ampliat una sala situada al vest\u00edbul que acull instal\u00b7lacions d\u2019\u00fas intern.<\/p>\n<p>Els treballs en aquest \u00e0mbit continuaran fins a la tardor, per tal de completar la sortida d\u2019emerg\u00e8ncia que es construeix a un dels extrems de l\u2019estaci\u00f3. L\u2019actuaci\u00f3 global ha comportat un cost de 4,3 MEUR.<\/p>\n","protected":false},"excerpt":{"rendered":"<p>\u00a0En les properes setmanes tamb\u00e9 quedar\u00e0 adaptada l\u2019estaci\u00f3 de l\u2019L5 de Virrei Amat. El Departament de Territori i Sostenibilitat ha<\/p>\n","protected":false},"author":4,"featured_media":0,"comment_status":"closed","ping_status":"open","sticky":false,"template":"","format":"standard","meta":{"footnotes":""},"categories":[],"tags":[35,19,157,109,56],"class_list":["post-15307","post","type-post","status-publish","format-standard","hentry","tag-barcelona","tag-infraestructures","tag-l04-trinitat-nova-la-pau","tag-l05-vall-dhebron-cornella-centre","tag-metro-barcelona-tmb","comments-off"],"_links":{"self":[{"href":"https:\/\/www.agrupament.cat\/portal\/wp-json\/wp\/v2\/posts\/15307","targetHints":{"allow":["GET"]}}],"collection":[{"href":"https:\/\/www.agrupament.cat\/portal\/wp-json\/wp\/v2\/posts"}],"about":[{"href":"https:\/\/www.agrupament.cat\/portal\/wp-json\/wp\/v2\/types\/post"}],"author":[{"embeddable":true,"href":"https:\/\/www.agrupament.cat\/portal\/wp-json\/wp\/v2\/users\/4"}],"replies":[{"embeddable":true,"href":"https:\/\/www.agrupament.cat\/portal\/wp-json\/wp\/v2\/comments?post=15307"}],"version-history":[{"count":2,"href":"https:\/\/www.agrupament.cat\/portal\/wp-json\/wp\/v2\/posts\/15307\/revisions"}],"predecessor-version":[{"id":15309,"href":"https:\/\/www.agrupament.cat\/portal\/wp-json\/wp\/v2\/posts\/15307\/revisions\/15309"}],"wp:attachment":[{"href":"https:\/\/www.agrupament.cat\/portal\/wp-json\/wp\/v2\/media?parent=15307"}],"wp:term":[{"taxonomy":"category","embeddable":true,"href":"https:\/\/www.agrupament.cat\/portal\/wp-json\/wp\/v2\/categories?post=15307"},{"taxonomy":"post_tag","embeddable":true,"href":"https:\/\/www.agrupament.cat\/portal\/wp-json\/wp\/v2\/tags?post=15307"}],"curies":[{"name":"wp","href":"https:\/\/api.w.org\/{rel}","templated":true}]}}