{"id":15032,"date":"2012-11-30T12:04:10","date_gmt":"2012-11-30T11:04:10","guid":{"rendered":"http:\/\/www.agrupament.cat\/portal\/?p=15032"},"modified":"2012-11-30T12:04:10","modified_gmt":"2012-11-30T11:04:10","slug":"xi-edicio-dels-premis-a-la-col%e2%80%a2laboracio-camins-de-ferro-a-vilanova","status":"publish","type":"post","link":"https:\/\/www.agrupament.cat\/portal\/2012\/11\/xi-edicio-dels-premis-a-la-col%e2%80%a2laboracio-camins-de-ferro-a-vilanova\/","title":{"rendered":"XI EDICI\u00d3 DELS PREMIS A LA COL\u2022LABORACI\u00d3 CAMINS DE FERRO A VILANOVA"},"content":{"rendered":"<p><img loading=\"lazy\" decoding=\"async\" class=\"alignleft size-full wp-image-15033\" title=\"MuseuFcCatalunya\" src=\"http:\/\/www.agrupament.cat\/portal\/wp-content\/uploads\/2012\/11\/MuseuFcCatalunya.png\" alt=\"\" width=\"49\" height=\"100\" \/><strong>El proper dissabte 1 de desembre de 2012 al migdia, tindr\u00e0 lloc al MUSEU DEL FERROCARRIL DE CATALUNYA \u2013 VILANOVA I LA GELTR\u00da l\u2019acte de lliurament dels Premis a la Col\u2022laboraci\u00f3 a aquelles institucions, empreses i persones que durant l\u2019any s\u2019ha distingit per la seva aportaci\u00f3 a les finalitats del Museu.<\/strong><!--more--><br \/>\nAquest any, a l\u2019acte de lliurament, s\u2019hi afegir\u00e0 la signatura del Conveni de Cessi\u00f3 al Museu de les maquetes de la fam\u00edlia Fonollosa i la presentaci\u00f3 de la Nau del Pont-Grua, amb l\u2019actuaci\u00f3 d\u2019una coral vilanovina.<\/p>\n","protected":false},"excerpt":{"rendered":"<p>El proper dissabte 1 de desembre de 2012 al migdia, tindr\u00e0 lloc al MUSEU DEL FERROCARRIL DE CATALUNYA \u2013 VILANOVA<\/p>\n","protected":false},"author":4,"featured_media":0,"comment_status":"closed","ping_status":"open","sticky":false,"template":"","format":"standard","meta":{"footnotes":""},"categories":[],"tags":[25,35,93,154,40,155],"class_list":["post-15032","post","type-post","status-publish","format-standard","hentry","tag-actes-congrtesosi-exposicions-fires-i-formacio","tag-barcelona","tag-ffe-fundacion-ferrocarriles-espanoles","tag-museu-del-ferrocarril-de-catalunya","tag-museus","tag-vilanova-i-la-geltru","comments-off"],"_links":{"self":[{"href":"https:\/\/www.agrupament.cat\/portal\/wp-json\/wp\/v2\/posts\/15032","targetHints":{"allow":["GET"]}}],"collection":[{"href":"https:\/\/www.agrupament.cat\/portal\/wp-json\/wp\/v2\/posts"}],"about":[{"href":"https:\/\/www.agrupament.cat\/portal\/wp-json\/wp\/v2\/types\/post"}],"author":[{"embeddable":true,"href":"https:\/\/www.agrupament.cat\/portal\/wp-json\/wp\/v2\/users\/4"}],"replies":[{"embeddable":true,"href":"https:\/\/www.agrupament.cat\/portal\/wp-json\/wp\/v2\/comments?post=15032"}],"version-history":[{"count":1,"href":"https:\/\/www.agrupament.cat\/portal\/wp-json\/wp\/v2\/posts\/15032\/revisions"}],"predecessor-version":[{"id":15034,"href":"https:\/\/www.agrupament.cat\/portal\/wp-json\/wp\/v2\/posts\/15032\/revisions\/15034"}],"wp:attachment":[{"href":"https:\/\/www.agrupament.cat\/portal\/wp-json\/wp\/v2\/media?parent=15032"}],"wp:term":[{"taxonomy":"category","embeddable":true,"href":"https:\/\/www.agrupament.cat\/portal\/wp-json\/wp\/v2\/categories?post=15032"},{"taxonomy":"post_tag","embeddable":true,"href":"https:\/\/www.agrupament.cat\/portal\/wp-json\/wp\/v2\/tags?post=15032"}],"curies":[{"name":"wp","href":"https:\/\/api.w.org\/{rel}","templated":true}]}}