{"id":14865,"date":"2012-11-09T16:00:12","date_gmt":"2012-11-09T15:00:12","guid":{"rendered":"http:\/\/www.agrupament.cat\/portal\/?p=14865"},"modified":"2012-11-09T13:01:48","modified_gmt":"2012-11-09T12:01:48","slug":"adif-pone-en-tension-la-linea-aerea-de-contacto-en-los-ultimos-tramos-entre-barcelona-y-figueres","status":"publish","type":"post","link":"https:\/\/www.agrupament.cat\/portal\/2012\/11\/adif-pone-en-tension-la-linea-aerea-de-contacto-en-los-ultimos-tramos-entre-barcelona-y-figueres\/","title":{"rendered":"Adif pone en tensi\u00f3n la l\u00ednea a\u00e9rea de contacto en los \u00faltimos tramos entre Barcelona y Figueres"},"content":{"rendered":"<p><img loading=\"lazy\" decoding=\"async\" class=\"alignleft size-full wp-image-12411\" title=\"Adif01\" src=\"http:\/\/www.agrupament.cat\/portal\/wp-content\/uploads\/2011\/12\/Adif01.gif\" alt=\"\" width=\"83\" height=\"35\" \/>L\u00ednea de Alta Velocidad Madrid-Barcelona-frontera francesa<br \/>\n<strong> Son los trayectos Barcelona Sants-La Sagrera y La Sagrera-Mollet del Vall\u00e8s, con una longitud superior a 18 km<\/strong><br \/>\n<strong>\u00a0\u00a0\u00a0 Esta operaci\u00f3n, que supone la culminaci\u00f3n de una nueva fase de los trabajos de electrificaci\u00f3n, se llevar\u00e1 a cabo a partir de la medianoche del 26 de noviembre \u00a0<\/strong><br \/>\n<!--more--><br \/>\nBarcelona, 09 de noviembre de 2012 (Adif).<br \/>\nAdif llevar\u00e1 a cabo, a partir de las 00.00 horas del mi\u00e9rcoles 26 de noviembre, la puesta en tensi\u00f3n de la l\u00ednea a\u00e9rea de contacto de los dos \u00faltimos tramos entre Barcelona y Figueres de la L\u00ednea de Alta Velocidad Madrid-Barcelona-frontera francesa.<\/p>\n<p>Esta actuaci\u00f3n se llevar\u00e1 a cabo en los tramos estaci\u00f3n de Barcelona Sants-La Sagrera y La Sagrera-Mollet del Vall\u00e8s, con una longitud de 18,394 km, entre los pp.kk. 620\/658 y 639\/052.<\/p>\n<p>Gracias a estas operaciones, Adif completar\u00e1 una nueva fase de los trabajos de electrificaci\u00f3n del tramo Barcelona-Figueres, cuyos 131 km estar\u00e1n totalmente en tensi\u00f3n.<\/p>\n<p>Debido a la elevada tensi\u00f3n el\u00e9ctrica de la l\u00ednea a\u00e9rea de contacto es necesario extremar las precauciones, tanto para los trabajadores de la obra como para la poblaci\u00f3n en general. Por ese motivo se anuncia la puesta en tensi\u00f3n con una antelaci\u00f3n m\u00ednima de 15 d\u00edas, de acuerdo con la normativa establecida por Adif.<\/p>\n<p><strong>Financiaci\u00f3n europea<\/strong><br \/>\nLa L\u00ednea de Alta Velocidad Madrid-Barcelona-frontera francesa ha sido cofinanciada por el Fondo de Cohesi\u00f3n, en las obras de plataforma del tramo Madrid-Barcelona, as\u00ed como el suministro y montaje de v\u00eda del tramo Madrid-Vilafranca del Pened\u00e8s e instalaciones de electrificaci\u00f3n, se\u00f1alizaci\u00f3n y comunicaciones del tramo Madrid-Lleida, con una ayuda que asciende a 3.358,1 millones de euros.<\/p>\n<p>Las Ayudas RTE-T (Redes Transeuropeas de Transporte) en el mismo periodo han financiado los estudios y proyectos, as\u00ed como las obras de la plataforma del tramo Ma\u00e7anet-Sils, con una ayuda que asciende a 70,9 millones de euros.<\/p>\n<p>En el periodo 2007-2013 ser\u00e1n cofinanciadas por las ayudas RTE-T la implementaci\u00f3n del ERTMS (Sistema de Gesti\u00f3n de Tr\u00e1fico Ferroviario Europeo) del tramo Barcelona-Figueres, con una ayuda de 10,6 millones de euros.<\/p>\n<p>El Banco Europeo de Inversiones (BEI) participa tambi\u00e9n en la financiaci\u00f3n de este proyecto.<\/p>\n<p>El tramo Barcelona-Figueres de la L\u00ednea de Alta Velocidad Madrid-Barcelona-frontera francesa cuenta con una inversi\u00f3n aproximada de 4.200 millones de euros.<\/p>\n","protected":false},"excerpt":{"rendered":"<p>L\u00ednea de Alta Velocidad Madrid-Barcelona-frontera francesa Son los trayectos Barcelona Sants-La Sagrera y La Sagrera-Mollet del Vall\u00e8s, con una longitud<\/p>\n","protected":false},"author":4,"featured_media":0,"comment_status":"closed","ping_status":"open","sticky":false,"template":"","format":"standard","meta":{"footnotes":""},"categories":[],"tags":[71,35,156,305,333,200,19,209],"class_list":["post-14865","post","type-post","status-publish","format-standard","hentry","tag-adif","tag-barcelona","tag-barcelona-frontera-francesa","tag-barcelona-sants","tag-barcelona-sagrera-alta-velocitat","tag-catenaria","tag-infraestructures","tag-mollet-sant-fost","comments-off"],"_links":{"self":[{"href":"https:\/\/www.agrupament.cat\/portal\/wp-json\/wp\/v2\/posts\/14865","targetHints":{"allow":["GET"]}}],"collection":[{"href":"https:\/\/www.agrupament.cat\/portal\/wp-json\/wp\/v2\/posts"}],"about":[{"href":"https:\/\/www.agrupament.cat\/portal\/wp-json\/wp\/v2\/types\/post"}],"author":[{"embeddable":true,"href":"https:\/\/www.agrupament.cat\/portal\/wp-json\/wp\/v2\/users\/4"}],"replies":[{"embeddable":true,"href":"https:\/\/www.agrupament.cat\/portal\/wp-json\/wp\/v2\/comments?post=14865"}],"version-history":[{"count":1,"href":"https:\/\/www.agrupament.cat\/portal\/wp-json\/wp\/v2\/posts\/14865\/revisions"}],"predecessor-version":[{"id":14866,"href":"https:\/\/www.agrupament.cat\/portal\/wp-json\/wp\/v2\/posts\/14865\/revisions\/14866"}],"wp:attachment":[{"href":"https:\/\/www.agrupament.cat\/portal\/wp-json\/wp\/v2\/media?parent=14865"}],"wp:term":[{"taxonomy":"category","embeddable":true,"href":"https:\/\/www.agrupament.cat\/portal\/wp-json\/wp\/v2\/categories?post=14865"},{"taxonomy":"post_tag","embeddable":true,"href":"https:\/\/www.agrupament.cat\/portal\/wp-json\/wp\/v2\/tags?post=14865"}],"curies":[{"name":"wp","href":"https:\/\/api.w.org\/{rel}","templated":true}]}}