{"id":14287,"date":"2012-08-15T08:00:57","date_gmt":"2012-08-15T07:00:57","guid":{"rendered":"http:\/\/www.agrupament.cat\/portal\/?p=14287"},"modified":"2012-09-01T08:09:49","modified_gmt":"2012-09-01T07:09:49","slug":"solo-seis-trenes-cruzan-la-frontera-por-el-nuevo-tunel-de-el-pertus-cada-dia","status":"publish","type":"post","link":"https:\/\/www.agrupament.cat\/portal\/2012\/08\/solo-seis-trenes-cruzan-la-frontera-por-el-nuevo-tunel-de-el-pertus-cada-dia\/","title":{"rendered":"Solo seis trenes cruzan la frontera por el nuevo t\u00fanel de El Pert\u00fas cada d\u00eda"},"content":{"rendered":"<p><img loading=\"lazy\" decoding=\"async\" class=\"alignleft size-full wp-image-10454\" title=\"El Pais\" src=\"http:\/\/www.agrupament.cat\/portal\/wp-content\/uploads\/2011\/04\/El-Pais2.png\" alt=\"\" width=\"154\" height=\"35\" srcset=\"https:\/\/www.agrupament.cat\/portal\/wp-content\/uploads\/2011\/04\/El-Pais2.png 154w, https:\/\/www.agrupament.cat\/portal\/wp-content\/uploads\/2011\/04\/El-Pais2-150x35.png 150w\" sizes=\"auto, (max-width: 154px) 100vw, 154px\" \/>14\/08\/2012<br \/>\n<strong>El retraso del AVE y del corredor mediterr\u00e1neo frenan su uso 20 meses despu\u00e9s de su estreno<\/strong><br \/>\n<strong>El Estado abona cada a\u00f1o 44 millones de euros a su concesionaria como compensaci\u00f3n<\/strong><br \/>\n<!--more--><br \/>\nApenas seis trenes diarios cruzan cada d\u00eda la frontera francesa por el t\u00fanel de El Pert\u00fas, en el tramo comprendido entre Figueres y Perpi\u00f1\u00e1n. Tres en cada sentido. Hoy, 20 meses despu\u00e9s de su estreno, sus v\u00edas se mantienen casi en desuso y contrastan con las 132 circulaciones que registra cada d\u00eda el paso fronterizo de Portbou. Debido a su \u00ednfima utilizaci\u00f3n, el Estado abona cada a\u00f1o a la concesionaria TP Ferro 44 millones de euros como compensaci\u00f3n. La empresa, participada por ACS y la gala Eiffage, estimaba inicialmente que pasaran unos 20.000 convoyes al a\u00f1o, nueve veces m\u00e1s que actualmente.<br \/>\nM\u00e1s informaci\u00f3n en <a href=\"http:\/\/ccaa.elpais.com\/ccaa\/2012\/08\/13\/catalunya\/1344885471_809675.html\">El Pa\u00eds<\/a><\/p>\n","protected":false},"excerpt":{"rendered":"<p>14\/08\/2012 El retraso del AVE y del corredor mediterr\u00e1neo frenan su uso 20 meses despu\u00e9s de su estreno El Estado<\/p>\n","protected":false},"author":4,"featured_media":0,"comment_status":"closed","ping_status":"open","sticky":false,"template":"","format":"standard","meta":{"footnotes":""},"categories":[],"tags":[41,35,156,87,37,43,38,103,19,26,60],"class_list":["post-14287","post","type-post","status-publish","format-standard","hentry","tag-ave","tag-barcelona","tag-barcelona-frontera-francesa","tag-corredor-del-mediterrani","tag-espana","tag-estacions","tag-europa","tag-francia","tag-infraestructures","tag-publicacions-publicaciones-diris-diarios-revistes-revistas-llibres-libros-tv","tag-mercaderies","comments-off"],"_links":{"self":[{"href":"https:\/\/www.agrupament.cat\/portal\/wp-json\/wp\/v2\/posts\/14287","targetHints":{"allow":["GET"]}}],"collection":[{"href":"https:\/\/www.agrupament.cat\/portal\/wp-json\/wp\/v2\/posts"}],"about":[{"href":"https:\/\/www.agrupament.cat\/portal\/wp-json\/wp\/v2\/types\/post"}],"author":[{"embeddable":true,"href":"https:\/\/www.agrupament.cat\/portal\/wp-json\/wp\/v2\/users\/4"}],"replies":[{"embeddable":true,"href":"https:\/\/www.agrupament.cat\/portal\/wp-json\/wp\/v2\/comments?post=14287"}],"version-history":[{"count":1,"href":"https:\/\/www.agrupament.cat\/portal\/wp-json\/wp\/v2\/posts\/14287\/revisions"}],"predecessor-version":[{"id":14288,"href":"https:\/\/www.agrupament.cat\/portal\/wp-json\/wp\/v2\/posts\/14287\/revisions\/14288"}],"wp:attachment":[{"href":"https:\/\/www.agrupament.cat\/portal\/wp-json\/wp\/v2\/media?parent=14287"}],"wp:term":[{"taxonomy":"category","embeddable":true,"href":"https:\/\/www.agrupament.cat\/portal\/wp-json\/wp\/v2\/categories?post=14287"},{"taxonomy":"post_tag","embeddable":true,"href":"https:\/\/www.agrupament.cat\/portal\/wp-json\/wp\/v2\/tags?post=14287"}],"curies":[{"name":"wp","href":"https:\/\/api.w.org\/{rel}","templated":true}]}}