{"id":13574,"date":"2012-06-06T21:28:54","date_gmt":"2012-06-06T20:28:54","guid":{"rendered":"http:\/\/www.agrupament.cat\/portal\/?p=13574"},"modified":"2012-06-06T21:28:54","modified_gmt":"2012-06-06T20:28:54","slug":"el-sonar-es-viura-a-lestacio-de-metro-duniversitat","status":"publish","type":"post","link":"https:\/\/www.agrupament.cat\/portal\/2012\/06\/el-sonar-es-viura-a-lestacio-de-metro-duniversitat\/","title":{"rendered":"El S\u00f3nar es viur\u00e0 a l&#8217;estaci\u00f3 de metro d&#8217;Universitat"},"content":{"rendered":"<p><strong><img loading=\"lazy\" decoding=\"async\" class=\"alignleft size-full wp-image-9726\" title=\"TMB01\" src=\"http:\/\/www.agrupament.cat\/portal\/wp-content\/uploads\/2011\/02\/TMB013.gif\" alt=\"\" width=\"68\" height=\"50\" \/>Per segon any consecutiu i despr\u00e9s de l\u2019\u00e8xit d\u2019assistents a l\u2019edici\u00f3 anterior, el proper 8 de juny els usuaris del metro podran tornar gaudir d&#8217;un tast del S\u00f3nar 2012, el 19\u00e8 Festival Internacional de M\u00fasica Avan\u00e7ada i New Media Art, que se celebrar\u00e0 a Barcelona del 14 al 16 de juny. A <a href=\"http:\/\/www.tmb.cat\/ca\/detall-linia-metro\/-\/linia\/L2\">l&#8217;estaci\u00f3 d&#8217;Universitat, de la l\u00ednia 2<\/a>, a partir de les 19.00 h, els usuaris veuran un espectacle d\u2019Internet2.<\/strong><br \/>\n<!--more--><br \/>\nL\u2019artista que s\u2019amaga darrera d\u2019Internet2 barreja com\u00e8dia, drama i m\u00fasica cl\u00e0ssica filtrada a trav\u00e9s de l\u2019electr\u00f2nica amb un sentit de l\u2019humor c\u00e0ustic i un esperit absolutament delirant. La posada en escena destil\u00b7la ironia i no deixar\u00e0 a ning\u00fa indiferent.<\/p>\n<p>En aquesta nova edici\u00f3 del S\u00f3nar, la capital catalana acollir\u00e0 actuacions, amb gran pres\u00e8ncia d&#8217;artistes estrangers, per\u00f2 tamb\u00e9 catalans, com ara Esperit!, DJ2D2 i Pegasvs, d\u2019entre d&#8217;altres. En la seva 19a edici\u00f3, aquest festival de refer\u00e8ncia mundial de la m\u00fasica electr\u00f2nica actual ha recorregut els cinc continents.<\/p>\n<p>Per a m\u00e9s informaci\u00f3 sobre el S\u00f3nar, tamb\u00e9 es pot consultar el lloc web: <a href=\"http:\/\/www.sonar.es.\">www.sonar.es.<\/a><\/p>\n<p>Per a TMB aquest avan\u00e7ament del S\u00f3nar \u00e9s una ocasi\u00f3 per vincular el transport p\u00fablic amb la cultura urbana i el p\u00fablic jove, i per participar en un festival que \u00e9s un regal per als amants dels ritmes electr\u00f2nics.<\/p>\n<p>Aquesta activitat forma part de TMB Cultura, el projecte cultural de TMB que estableix vincles entre els ciutadans i les associacions culturals de Barcelona i l\u2019\u00e0rea metropolitana amb la voluntat d&#8217;aproximar la cultura a la ciutadania a trav\u00e9s de les seves instal\u00b7lacions i d&#8217;enriquir l&#8217;experi\u00e8ncia del viatge en transport p\u00fablic.<\/p>\n","protected":false},"excerpt":{"rendered":"<p>Per segon any consecutiu i despr\u00e9s de l\u2019\u00e8xit d\u2019assistents a l\u2019edici\u00f3 anterior, el proper 8 de juny els usuaris del<\/p>\n","protected":false},"author":4,"featured_media":0,"comment_status":"closed","ping_status":"open","sticky":false,"template":"","format":"standard","meta":{"footnotes":""},"categories":[],"tags":[25,35,43,6,125,225,56],"class_list":["post-13574","post","type-post","status-publish","format-standard","hentry","tag-actes-congrtesosi-exposicions-fires-i-formacio","tag-barcelona","tag-estacions","tag-informacio-de-caracter-general","tag-l02-parallel-badalona-pompeu-fabra","tag-metro","tag-metro-barcelona-tmb","comments-off"],"_links":{"self":[{"href":"https:\/\/www.agrupament.cat\/portal\/wp-json\/wp\/v2\/posts\/13574","targetHints":{"allow":["GET"]}}],"collection":[{"href":"https:\/\/www.agrupament.cat\/portal\/wp-json\/wp\/v2\/posts"}],"about":[{"href":"https:\/\/www.agrupament.cat\/portal\/wp-json\/wp\/v2\/types\/post"}],"author":[{"embeddable":true,"href":"https:\/\/www.agrupament.cat\/portal\/wp-json\/wp\/v2\/users\/4"}],"replies":[{"embeddable":true,"href":"https:\/\/www.agrupament.cat\/portal\/wp-json\/wp\/v2\/comments?post=13574"}],"version-history":[{"count":2,"href":"https:\/\/www.agrupament.cat\/portal\/wp-json\/wp\/v2\/posts\/13574\/revisions"}],"predecessor-version":[{"id":13576,"href":"https:\/\/www.agrupament.cat\/portal\/wp-json\/wp\/v2\/posts\/13574\/revisions\/13576"}],"wp:attachment":[{"href":"https:\/\/www.agrupament.cat\/portal\/wp-json\/wp\/v2\/media?parent=13574"}],"wp:term":[{"taxonomy":"category","embeddable":true,"href":"https:\/\/www.agrupament.cat\/portal\/wp-json\/wp\/v2\/categories?post=13574"},{"taxonomy":"post_tag","embeddable":true,"href":"https:\/\/www.agrupament.cat\/portal\/wp-json\/wp\/v2\/tags?post=13574"}],"curies":[{"name":"wp","href":"https:\/\/api.w.org\/{rel}","templated":true}]}}