{"id":13358,"date":"2012-05-04T12:00:09","date_gmt":"2012-05-04T11:00:09","guid":{"rendered":"http:\/\/www.agrupament.cat\/portal\/?p=13358"},"modified":"2012-05-04T10:06:16","modified_gmt":"2012-05-04T09:06:16","slug":"lassociacio-de-veins-de-sant-andreu-informa","status":"publish","type":"post","link":"https:\/\/www.agrupament.cat\/portal\/2012\/05\/lassociacio-de-veins-de-sant-andreu-informa\/","title":{"rendered":"L&#8217;associaci\u00f3 de veins de Sant Andreu &#8211; informa"},"content":{"rendered":"<p><img loading=\"lazy\" decoding=\"async\" class=\"alignleft size-full wp-image-13362\" title=\"BCNSantAndreuPalomar\" src=\"http:\/\/www.agrupament.cat\/portal\/wp-content\/uploads\/2012\/05\/BCNSantAndreuPalomar.gif\" alt=\"\" width=\"47\" height=\"50\" \/>Comen\u00e7a la ILP per la Daci\u00f3 en Pagament de la Hipoteca<\/p>\n<p><strong>La Iniciativa Legislativa Popular, impulsada entre altres entitats per la Confederaci\u00f3 d&#8217;AV de Catalunya, vol plantejar al Congr\u00e9s un canvi en la Llei Hipotec\u00e0ria perqu\u00e8 retornant l&#8217;habitatge quedi liquidat el deute, encara que la valoraci\u00f3 actual sigui m\u00e9s baixa que la dels anys de la bombolla, i les persones puguin tornar a comen\u00e7ar la seva vida. S&#8217;han de recollir m\u00e9s 500.000 firmes a tot l&#8217;Estat abans del 31 d&#8217;octubre.<\/strong><\/p>\n<p>Podeu firmar a l&#8217;AVV Sant Andreu (Dr. Balari i Jovany 14) de dilluns a divendres de 18 a 20h.\u00a0\u00a0\u00a0\u00a0\u00a0\u00a0\u00a0\u00a0\u00a0\u00a0\u00a0\u00a0\u00a0\u00a0\u00a0\u00a0\u00a0\u00a0\u00a0\u00a0\u00a0 <strong>AVV Sant Andreu de Palomar<\/strong><\/p>\n","protected":false},"excerpt":{"rendered":"<p>Comen\u00e7a la ILP per la Daci\u00f3 en Pagament de la Hipoteca La Iniciativa Legislativa Popular, impulsada entre altres entitats per<\/p>\n","protected":false},"author":4,"featured_media":0,"comment_status":"closed","ping_status":"open","sticky":false,"template":"","format":"standard","meta":{"footnotes":""},"categories":[],"tags":[25,17,3,35,6,2],"class_list":["post-13358","post","type-post","status-publish","format-standard","hentry","tag-actes-congrtesosi-exposicions-fires-i-formacio","tag-afectacions-e-incidencies","tag-associacions-federacions-fundacions","tag-barcelona","tag-informacio-de-caracter-general","tag-sant-andreu-districte","comments-off"],"_links":{"self":[{"href":"https:\/\/www.agrupament.cat\/portal\/wp-json\/wp\/v2\/posts\/13358","targetHints":{"allow":["GET"]}}],"collection":[{"href":"https:\/\/www.agrupament.cat\/portal\/wp-json\/wp\/v2\/posts"}],"about":[{"href":"https:\/\/www.agrupament.cat\/portal\/wp-json\/wp\/v2\/types\/post"}],"author":[{"embeddable":true,"href":"https:\/\/www.agrupament.cat\/portal\/wp-json\/wp\/v2\/users\/4"}],"replies":[{"embeddable":true,"href":"https:\/\/www.agrupament.cat\/portal\/wp-json\/wp\/v2\/comments?post=13358"}],"version-history":[{"count":3,"href":"https:\/\/www.agrupament.cat\/portal\/wp-json\/wp\/v2\/posts\/13358\/revisions"}],"predecessor-version":[{"id":13360,"href":"https:\/\/www.agrupament.cat\/portal\/wp-json\/wp\/v2\/posts\/13358\/revisions\/13360"}],"wp:attachment":[{"href":"https:\/\/www.agrupament.cat\/portal\/wp-json\/wp\/v2\/media?parent=13358"}],"wp:term":[{"taxonomy":"category","embeddable":true,"href":"https:\/\/www.agrupament.cat\/portal\/wp-json\/wp\/v2\/categories?post=13358"},{"taxonomy":"post_tag","embeddable":true,"href":"https:\/\/www.agrupament.cat\/portal\/wp-json\/wp\/v2\/tags?post=13358"}],"curies":[{"name":"wp","href":"https:\/\/api.w.org\/{rel}","templated":true}]}}