{"id":13301,"date":"2012-04-23T21:56:38","date_gmt":"2012-04-23T20:56:38","guid":{"rendered":"http:\/\/www.agrupament.cat\/portal\/?p=13301"},"modified":"2012-04-23T21:56:38","modified_gmt":"2012-04-23T20:56:38","slug":"noticias-del-museo-del-ferrocarril-de-gijon-del-26-de-abril-al-27-de-mayo","status":"publish","type":"post","link":"https:\/\/www.agrupament.cat\/portal\/2012\/04\/noticias-del-museo-del-ferrocarril-de-gijon-del-26-de-abril-al-27-de-mayo\/","title":{"rendered":"Noticias del Museo del Ferrocarril de Gij\u00f3n. Del 26 de Abril al 27 de Mayo."},"content":{"rendered":"<p><strong>EXPOSICI\u00d3N TEMPORAL \u201cTDC 57\u201d.<\/strong><br \/>\n<strong>Tendr\u00e1 lugar la 57\u00aa edici\u00f3n del Type Directors Club (TDC) es una organizaci\u00f3n internacional que apoya y promueve la excelencia tipogr\u00e1fica, tanto impresa como en pantalla.<\/strong><br \/>\n<!--more--><br \/>\nFundada en Nueva York en 1946, el TDC representa hoy el mejor dise\u00f1o tipogr\u00e1fico y sus aplicaciones. Promueven concursos y actividades educativas, organiza cada a\u00f1o una muestra itinerante que recoge libros y carteles de todo el mundo, seleccionados por su Excelencia Tipogr\u00e1fica.\u00a0 A\u00f1o tras a\u00f1o, el TDC recibe miles de trabajos llegados de una treintena de pa\u00edses y convoca a un jurado internacional. El resultado es siempre una exposici\u00f3n con piezas cuyo nexo de uni\u00f3n es manejar con maestr\u00eda la tipograf\u00eda. Se convierte as\u00ed en un escaparate de experimentos, tendencias, grandes dise\u00f1os editados por todo el mundo y, en estos tiempos on-line, en un homenaje al papel y a la impresi\u00f3n.<\/p>\n<p>El jueves 26 de Abril se llevar\u00e1n a cabo unas conferencias\u00a0 \u201cAsturias Motiva\u201d:<\/p>\n<p>17:00 h: Equilicua \u201cthought provocking products\u201d. Ecodise\u00f1o. Conferenciante: Maite Cant\u00f3n.<\/p>\n<p>Equilicua, (<a href=\"http:\/\/www.equilicua.com\">www.equilicua.com<\/a>), es una marca con la que se editan y comercializan los productos que idea el quipo de Good for Environment! \u2013 G4E!, que trabajan con dise\u00f1adores espa\u00f1oles que comparten los principios del ecodise\u00f1o.<\/p>\n<p>Maite Cant\u00f3n (Oviedo, 1967) es la responsable de la relaci\u00f3n con instituciones y empresas de Good for Enviroment! \u2013 G4E!. Investiga todo lo referente al desarrollo sostenible, la ecolog\u00eda y la ecoinnovaci\u00f3n.<\/p>\n<p>18:30 h: Atipo. Estudio de dise\u00f1o gr\u00e1fico.<\/p>\n<p>Atipo, (<a href=\"http:\/\/www.atipo.es\">www.atipo.es<\/a>), es un estudio multidisciplinar con sede en Gij\u00f3n, que \u201cofrece soluciones basadas en un dise\u00f1o sencillo, funcional y coherente\u201d. Est\u00e1n especializados en tipograf\u00eda, identidad corporativa y packaging.<\/p>\n<p><strong>Horario:<\/strong><br \/>\nMartes a viernes, de 10:00 a 19:00 horas.<br \/>\nS\u00e1bado y domingo, de 10:30 a 19:00 horas.<br \/>\nSala de Exposiciones Temporales 1.<\/p>\n<p><strong>PUENTE DEL 1 DE MAYO.<\/strong><br \/>\nMuseo del Ferrocarril de Gij\u00f3n. Martes 1 de Mayo.<\/p>\n<p>El martes 1 de Mayo se llevar\u00e1 a cabo una Jornada de Vapor extraordinaria, con ocasi\u00f3n del puente del Primero de Mayo, en la que, como es habitual, se pondr\u00e1n en marcha locomotora\/s de vapor y diesel hist\u00f3ricas operativas que conserva el museo para exhibiciones dentro del recinto. Los visitantes podr\u00e1n desplazarse en peque\u00f1os viajes por el museo en los trenes, en antiguos coches de madera y realizar visitas guiadas especiales.<\/p>\n<p><strong>Horario:<\/strong><br \/>\nTrenes en marcha cada media hora desde las 11:30 a las 13:30 y de las 16:30 a las 18:30 horas.<\/p>\n<p>Viajes en los trenes con visitas guiadas especiales.<br \/>\nEntrada con la tarifa habitual.<\/p>\n","protected":false},"excerpt":{"rendered":"<p>EXPOSICI\u00d3N TEMPORAL \u201cTDC 57\u201d. Tendr\u00e1 lugar la 57\u00aa edici\u00f3n del Type Directors Club (TDC) es una organizaci\u00f3n internacional que apoya<\/p>\n","protected":false},"author":4,"featured_media":0,"comment_status":"closed","ping_status":"open","sticky":false,"template":"","format":"standard","meta":{"footnotes":""},"categories":[],"tags":[25,127,99],"class_list":["post-13301","post","type-post","status-publish","format-standard","hentry","tag-actes-congrtesosi-exposicions-fires-i-formacio","tag-museo-ferrocarril-de-asturias","tag-principau-dasturies-principado-de-asturias","comments-off"],"_links":{"self":[{"href":"https:\/\/www.agrupament.cat\/portal\/wp-json\/wp\/v2\/posts\/13301","targetHints":{"allow":["GET"]}}],"collection":[{"href":"https:\/\/www.agrupament.cat\/portal\/wp-json\/wp\/v2\/posts"}],"about":[{"href":"https:\/\/www.agrupament.cat\/portal\/wp-json\/wp\/v2\/types\/post"}],"author":[{"embeddable":true,"href":"https:\/\/www.agrupament.cat\/portal\/wp-json\/wp\/v2\/users\/4"}],"replies":[{"embeddable":true,"href":"https:\/\/www.agrupament.cat\/portal\/wp-json\/wp\/v2\/comments?post=13301"}],"version-history":[{"count":1,"href":"https:\/\/www.agrupament.cat\/portal\/wp-json\/wp\/v2\/posts\/13301\/revisions"}],"predecessor-version":[{"id":13302,"href":"https:\/\/www.agrupament.cat\/portal\/wp-json\/wp\/v2\/posts\/13301\/revisions\/13302"}],"wp:attachment":[{"href":"https:\/\/www.agrupament.cat\/portal\/wp-json\/wp\/v2\/media?parent=13301"}],"wp:term":[{"taxonomy":"category","embeddable":true,"href":"https:\/\/www.agrupament.cat\/portal\/wp-json\/wp\/v2\/categories?post=13301"},{"taxonomy":"post_tag","embeddable":true,"href":"https:\/\/www.agrupament.cat\/portal\/wp-json\/wp\/v2\/tags?post=13301"}],"curies":[{"name":"wp","href":"https:\/\/api.w.org\/{rel}","templated":true}]}}