{"id":13251,"date":"2012-04-14T08:48:42","date_gmt":"2012-04-14T07:48:42","guid":{"rendered":"http:\/\/www.agrupament.cat\/portal\/?p=13251"},"modified":"2012-04-14T08:48:42","modified_gmt":"2012-04-14T07:48:42","slug":"afectacions-a-les-linies-dautobusos-per-la-34a-cursa-el-corte-ingles-ciutat-de-barcelona","status":"publish","type":"post","link":"https:\/\/www.agrupament.cat\/portal\/2012\/04\/afectacions-a-les-linies-dautobusos-per-la-34a-cursa-el-corte-ingles-ciutat-de-barcelona\/","title":{"rendered":"Afectacions a les l\u00ednies d\u2019autobusos per la 34a Cursa El Corte Ingl\u00e9s &#8211; Ciutat de Barcelona"},"content":{"rendered":"<p><strong><img loading=\"lazy\" decoding=\"async\" class=\"alignleft size-full wp-image-9726\" title=\"TMB01\" src=\"http:\/\/www.agrupament.cat\/portal\/wp-content\/uploads\/2011\/02\/TMB013.gif\" alt=\"\" width=\"68\" height=\"50\" \/>\u00b7 TMB recomana la utilitzaci\u00f3 del metro com a alternativa diumenge al mat\u00ed<\/strong><\/p>\n<p>Amb motiu de la celebraci\u00f3 de la 34a edici\u00f3 de la Cursa El Corte Ingl\u00e9s &#8211; Ciutat de Barcelona, que tindr\u00e0 lloc diumenge, 15 d\u2019abril, algunes l\u00ednies d\u2019autob\u00fas poden tenir afectacions pel que fa a recorregut i horari. Per aquesta ra\u00f3, Transports Metropolitans de Barcelona (TMB) recomana l\u2019\u00fas del metro per als despla\u00e7aments per la zona on transcorrer\u00e0 la prova esportiva aquest diumenge al mat\u00ed.<br \/>\n<!--more--><br \/>\nLa cursa sortir\u00e0 del passeig de Gr\u00e0cia\/pla\u00e7a Catalunya a les 9.30 hores i afectar\u00e0 tot el tr\u00e0nsit de superf\u00edcie per on es desenvolupi entre les 8.00 i les 14.00 hores aproximadament. La prova t\u00e9 un recorregut de 10,7 km pels principals carrers de la ciutat, iniciant el circuit al passeig de Gr\u00e0cia (cosa que pot provocar restriccions en l\u2019acc\u00e9s de l\u2019estaci\u00f3 de metro de la l\u00ednia 1 de Passeig de Gr\u00e0cia &#8211; Ronda Sant Pere) i passant per Arag\u00f3, Tarragona, pla\u00e7a d&#8217;Espanya, avinguda de Maria Cristina, la zona de Montju\u00efc, l\u2019Estadi Ol\u00edmpic, Lleida, Paral\u00b7lel, Floridablanca, ronda de Sant Antoni, Pelai i la pla\u00e7a Catalunya, on finalitza aquesta tradicional cursa.<\/p>\n<p>Els desviaments afectaran m\u00e9s d\u2019una trentena de l\u00ednies de bus de TMB que fan part de l\u2019itinerari a la zona afectada, s\u00f3n les seg\u00fcents: 7, 9, 13, 14, 16, 17, 20, 21, 22, 24, 27, 28, 30, 37, 41, 42, 46, 47, 50, 54, 55, 56, 57, 59, 62, 63, 64, 65, 66, 67, 68, 79, 109, 141, 157 i 193.<\/p>\n","protected":false},"excerpt":{"rendered":"<p>\u00b7 TMB recomana la utilitzaci\u00f3 del metro com a alternativa diumenge al mat\u00ed Amb motiu de la celebraci\u00f3 de la<\/p>\n","protected":false},"author":4,"featured_media":0,"comment_status":"closed","ping_status":"open","sticky":false,"template":"","format":"standard","meta":{"footnotes":""},"categories":[],"tags":[25,17,35,111,56],"class_list":["post-13251","post","type-post","status-publish","format-standard","hentry","tag-actes-congrtesosi-exposicions-fires-i-formacio","tag-afectacions-e-incidencies","tag-barcelona","tag-bus","tag-metro-barcelona-tmb","comments-off"],"_links":{"self":[{"href":"https:\/\/www.agrupament.cat\/portal\/wp-json\/wp\/v2\/posts\/13251","targetHints":{"allow":["GET"]}}],"collection":[{"href":"https:\/\/www.agrupament.cat\/portal\/wp-json\/wp\/v2\/posts"}],"about":[{"href":"https:\/\/www.agrupament.cat\/portal\/wp-json\/wp\/v2\/types\/post"}],"author":[{"embeddable":true,"href":"https:\/\/www.agrupament.cat\/portal\/wp-json\/wp\/v2\/users\/4"}],"replies":[{"embeddable":true,"href":"https:\/\/www.agrupament.cat\/portal\/wp-json\/wp\/v2\/comments?post=13251"}],"version-history":[{"count":1,"href":"https:\/\/www.agrupament.cat\/portal\/wp-json\/wp\/v2\/posts\/13251\/revisions"}],"predecessor-version":[{"id":13252,"href":"https:\/\/www.agrupament.cat\/portal\/wp-json\/wp\/v2\/posts\/13251\/revisions\/13252"}],"wp:attachment":[{"href":"https:\/\/www.agrupament.cat\/portal\/wp-json\/wp\/v2\/media?parent=13251"}],"wp:term":[{"taxonomy":"category","embeddable":true,"href":"https:\/\/www.agrupament.cat\/portal\/wp-json\/wp\/v2\/categories?post=13251"},{"taxonomy":"post_tag","embeddable":true,"href":"https:\/\/www.agrupament.cat\/portal\/wp-json\/wp\/v2\/tags?post=13251"}],"curies":[{"name":"wp","href":"https:\/\/api.w.org\/{rel}","templated":true}]}}