{"id":13093,"date":"2012-03-19T21:02:12","date_gmt":"2012-03-19T20:02:12","guid":{"rendered":"http:\/\/www.agrupament.cat\/portal\/?p=13093"},"modified":"2012-03-19T21:02:12","modified_gmt":"2012-03-19T20:02:12","slug":"transport-public-al-camp-nou-per-dimarts-20-de-marc-barca-granada","status":"publish","type":"post","link":"https:\/\/www.agrupament.cat\/portal\/2012\/03\/transport-public-al-camp-nou-per-dimarts-20-de-marc-barca-granada\/","title":{"rendered":"Transport p\u00fablic al Camp Nou per dimarts, 20 de mar\u00e7 (Bar\u00e7a &#8211; Granada)"},"content":{"rendered":"<p><strong><img loading=\"lazy\" decoding=\"async\" class=\"alignleft size-full wp-image-9726\" title=\"TMB01\" src=\"http:\/\/www.agrupament.cat\/portal\/wp-content\/uploads\/2011\/02\/TMB013.gif\" alt=\"\" width=\"68\" height=\"50\" \/>Per al partit de Lliga entre el Bar\u00e7a i el Granada de dem\u00e0 dimarts, 20 de mar\u00e7, que tindr\u00e0 lloc al Camp Nou, a partir de les 21.00 hores, TMB refor\u00e7ar\u00e0 el seu servei.<!--more--><\/strong><\/p>\n<p>Els serveis i refor\u00e7os previstos s\u00f3n els seg\u00fcents:<br \/>\n<strong>&#8211; Metro<\/strong>: Es refor\u00e7ar\u00e0 amb m\u00e9s personal a les estacions properes a l\u2019estadi i amb m\u00e9s trens en circulaci\u00f3. Les l\u00ednies i estacions de metro que donen acc\u00e9s al Camp Nou s\u00f3n <strong><span style=\"color: #0000ff;\"><a href=\"http:\/\/www.tmb.cat\/ca\/detall-linia-metro\/-\/linia\/L5\"><span style=\"color: #0000ff;\">Badal i Collblanc, de la l\u00ednia 5<\/span><\/a><\/span><\/strong>, i <a href=\"http:\/\/www.tmb.cat\/ca\/detall-linia-metro\/-\/linia\/L3\"><strong><span style=\"color: #339966;\">Maria Cristina i Les Corts, de la l\u00ednia 3<\/span><\/strong><\/a>. El metro funcionar\u00e0 fins a les 12 de la nit.<br \/>\n<strong>&#8211; Autobusos:<\/strong> Es refor\u00e7ar\u00e0 el servei de les l\u00ednies <a href=\"http:\/\/www.tmb.cat\/ca\/linia-de-bus\/-\/bus\/15\">15<\/a>, <a href=\"http:\/\/www.tmb.cat\/ca\/linia-de-bus\/-\/bus\/43\">43<\/a> i <a href=\"http:\/\/www.tmb.cat\/ca\/linia-de-bus\/-\/bus\/56\">56<\/a> en funci\u00f3 de la demanda que es pugui produir i a la sortida es posaran en funcionament dues l\u00ednies especials entre el Camp Nou i pla\u00e7a de Catalunya i entre el Camp Nou i Moss\u00e8n Cinto Verdaguer. El bitllet val 2,70 \u20ac.<\/p>\n","protected":false},"excerpt":{"rendered":"<p>Per al partit de Lliga entre el Bar\u00e7a i el Granada de dem\u00e0 dimarts, 20 de mar\u00e7, que tindr\u00e0 lloc<\/p>\n","protected":false},"author":4,"featured_media":0,"comment_status":"closed","ping_status":"open","sticky":false,"template":"","format":"standard","meta":{"footnotes":""},"categories":[],"tags":[25,35,111,126,109,56],"class_list":["post-13093","post","type-post","status-publish","format-standard","hentry","tag-actes-congrtesosi-exposicions-fires-i-formacio","tag-barcelona","tag-bus","tag-l03-zona-universitaria-trinitat-nova","tag-l05-vall-dhebron-cornella-centre","tag-metro-barcelona-tmb","comments-off"],"_links":{"self":[{"href":"https:\/\/www.agrupament.cat\/portal\/wp-json\/wp\/v2\/posts\/13093","targetHints":{"allow":["GET"]}}],"collection":[{"href":"https:\/\/www.agrupament.cat\/portal\/wp-json\/wp\/v2\/posts"}],"about":[{"href":"https:\/\/www.agrupament.cat\/portal\/wp-json\/wp\/v2\/types\/post"}],"author":[{"embeddable":true,"href":"https:\/\/www.agrupament.cat\/portal\/wp-json\/wp\/v2\/users\/4"}],"replies":[{"embeddable":true,"href":"https:\/\/www.agrupament.cat\/portal\/wp-json\/wp\/v2\/comments?post=13093"}],"version-history":[{"count":1,"href":"https:\/\/www.agrupament.cat\/portal\/wp-json\/wp\/v2\/posts\/13093\/revisions"}],"predecessor-version":[{"id":13094,"href":"https:\/\/www.agrupament.cat\/portal\/wp-json\/wp\/v2\/posts\/13093\/revisions\/13094"}],"wp:attachment":[{"href":"https:\/\/www.agrupament.cat\/portal\/wp-json\/wp\/v2\/media?parent=13093"}],"wp:term":[{"taxonomy":"category","embeddable":true,"href":"https:\/\/www.agrupament.cat\/portal\/wp-json\/wp\/v2\/categories?post=13093"},{"taxonomy":"post_tag","embeddable":true,"href":"https:\/\/www.agrupament.cat\/portal\/wp-json\/wp\/v2\/tags?post=13093"}],"curies":[{"name":"wp","href":"https:\/\/api.w.org\/{rel}","templated":true}]}}