{"id":12605,"date":"2012-01-16T16:00:38","date_gmt":"2012-01-16T15:00:38","guid":{"rendered":"http:\/\/www.agrupament.cat\/portal\/?p=12605"},"modified":"2012-01-16T16:26:34","modified_gmt":"2012-01-16T15:26:34","slug":"cursos-para-maquinistas-y-responsables-de-circulacion-en-ancho-metrico","status":"publish","type":"post","link":"https:\/\/www.agrupament.cat\/portal\/2012\/01\/cursos-para-maquinistas-y-responsables-de-circulacion-en-ancho-metrico\/","title":{"rendered":"Cursos para maquinistas y responsables de circulaci\u00f3n en ancho m\u00e9trico"},"content":{"rendered":"<p><strong><img loading=\"lazy\" decoding=\"async\" class=\"alignleft size-full wp-image-8570\" title=\"FFE\" src=\"http:\/\/www.agrupament.cat\/portal\/wp-content\/uploads\/2010\/09\/FFE.png\" alt=\"\" width=\"124\" height=\"50\" \/><img loading=\"lazy\" decoding=\"async\" class=\"alignleft size-full wp-image-10953\" title=\"FEVE\" src=\"http:\/\/www.agrupament.cat\/portal\/wp-content\/uploads\/2011\/06\/FEVE.gif\" alt=\"\" width=\"65\" height=\"35\" \/>\u00b7Los aspirantes deber\u00e1n realizar un proceso de selecci\u00f3n y tener t\u00edtulo de Bachillerato o FP II.<\/strong><br \/>\n<strong>\u00b7La formaci\u00f3n se realizar\u00e1 en las Escuelas Ferroviarias e instalaciones de Feve.<\/strong><br \/>\n<strong>\u00b7Consistir\u00e1 en 1.155 horas lectivas para maquinista y 576 horas para responsables de circulaci\u00f3n.<\/strong><br \/>\n<!--more--><br \/>\nHasta el 15 de febrero, est\u00e1 abierto el plazo de pre matricula para los cursos de formaci\u00f3n en las especialidades de conducci\u00f3n de veh\u00edculos ferroviarios y de responsable de circulaci\u00f3n, ambas en l\u00edneas de ancho m\u00e9trica, que organiza la Fundaci\u00f3n de los Ferrocarriles Espa\u00f1oles y los Ferrocarriles de V\u00eda Estrecha (Feve). El curso est\u00e1 previsto para finales del primer trimestre y principios del segundo trimestre.<\/p>\n<p>Los aspirantes tanto a maquinistas como a responsable de circulaci\u00f3n en l\u00edneas de ancho m\u00e9trico deber\u00e1n tener 18 a\u00f1os y estar en posesi\u00f3n del t\u00edtulo de Bachillerato LOGSE\/LOE, Formaci\u00f3n Profesional de Grado Superior (FP II), Bachiller Superior o BUP.<\/p>\n<p>Despu\u00e9s de la pre-matricula, se realizar\u00e1 un proceso de selecci\u00f3n para poder acceder a los cursos, consistente en una prueba de acceso, en caso necesario, y un reconocimiento psicof\u00edsico.<\/p>\n<p>La formaci\u00f3n de la especialidad de Conducci\u00f3n de veh\u00edculos ferroviarios en ancho m\u00e9trico se compondr\u00e1 de un total de 1.155 horas lectivas, de las que 539 horas ser\u00e1n te\u00f3ricas y 616 pr\u00e1cticas. Las te\u00f3ricas se impartir\u00e1n en la Escuela Ferroviaria de Feve en Santander, y la formaci\u00f3n pr\u00e1ctica se realizar\u00e1n en dep\u00f3sitos (56 horas), aulas tecnol\u00f3gicas con simuladores (140) y conducci\u00f3n efectiva en l\u00ednea (420).<\/p>\n<p>El curso en la especialidad de Responsable de Circulaci\u00f3n en ancho m\u00e9trico tendr\u00e1 una formaci\u00f3n de 576 horas, de las que 392 horas ser\u00e1n te\u00f3ricas y 189 pr\u00e1cticas. Las te\u00f3ricas se realizar\u00e1n en la Escuela Ferroviaria de El Berr\u00f3n (Asturias) y las pr\u00e1cticas, en las instalaciones que se determinen.<\/p>\n<p>El curso de maquinista tendr\u00e1 un coste del 15.000 euros y el de circulaci\u00f3n de 9.000 euros con un pago de pre matricula de 400 euros, en ambos casos.<\/p>\n<p>Estos cursos de formaci\u00f3n para l\u00edneas de ancho m\u00e9trico son el resultado del convenio colaboraci\u00f3n suscrito por Fundaci\u00f3n de los Ferrocarriles Espa\u00f1oles y Feve, que se firm\u00f3 en noviembre de 2011.<\/p>\n<p>Todos los detalles sobre estos cursos se pueden consultar en la p\u00e1gina web de la Fundaci\u00f3n:<br \/>\n\u00b7\u00a0\u00a0\u00a0\u00a0\u00a0\u00a0\u00a0\u00a0 <a href=\"http:\/\/www.formacion-ffe.es\/anchometrico.asp\">Formaci\u00f3n FFE<\/a><\/p>\n","protected":false},"excerpt":{"rendered":"<p>\u00b7Los aspirantes deber\u00e1n realizar un proceso de selecci\u00f3n y tener t\u00edtulo de Bachillerato o FP II. \u00b7La formaci\u00f3n se realizar\u00e1<\/p>\n","protected":false},"author":4,"featured_media":0,"comment_status":"closed","ping_status":"open","sticky":false,"template":"","format":"standard","meta":{"footnotes":""},"categories":[],"tags":[70,93,6,99,112],"class_list":["post-12605","post","type-post","status-publish","format-standard","hentry","tag-anchometrico","tag-ffe-fundacion-ferrocarriles-espanoles","tag-informacio-de-caracter-general","tag-principau-dasturies-principado-de-asturias","tag-santander","comments-off"],"_links":{"self":[{"href":"https:\/\/www.agrupament.cat\/portal\/wp-json\/wp\/v2\/posts\/12605","targetHints":{"allow":["GET"]}}],"collection":[{"href":"https:\/\/www.agrupament.cat\/portal\/wp-json\/wp\/v2\/posts"}],"about":[{"href":"https:\/\/www.agrupament.cat\/portal\/wp-json\/wp\/v2\/types\/post"}],"author":[{"embeddable":true,"href":"https:\/\/www.agrupament.cat\/portal\/wp-json\/wp\/v2\/users\/4"}],"replies":[{"embeddable":true,"href":"https:\/\/www.agrupament.cat\/portal\/wp-json\/wp\/v2\/comments?post=12605"}],"version-history":[{"count":2,"href":"https:\/\/www.agrupament.cat\/portal\/wp-json\/wp\/v2\/posts\/12605\/revisions"}],"predecessor-version":[{"id":12607,"href":"https:\/\/www.agrupament.cat\/portal\/wp-json\/wp\/v2\/posts\/12605\/revisions\/12607"}],"wp:attachment":[{"href":"https:\/\/www.agrupament.cat\/portal\/wp-json\/wp\/v2\/media?parent=12605"}],"wp:term":[{"taxonomy":"category","embeddable":true,"href":"https:\/\/www.agrupament.cat\/portal\/wp-json\/wp\/v2\/categories?post=12605"},{"taxonomy":"post_tag","embeddable":true,"href":"https:\/\/www.agrupament.cat\/portal\/wp-json\/wp\/v2\/tags?post=12605"}],"curies":[{"name":"wp","href":"https:\/\/api.w.org\/{rel}","templated":true}]}}