{"id":11615,"date":"2011-09-08T00:05:24","date_gmt":"2011-09-07T23:05:24","guid":{"rendered":"http:\/\/www.agrupament.cat\/portal\/?p=11615"},"modified":"2011-09-05T08:30:54","modified_gmt":"2011-09-05T07:30:54","slug":"11615","status":"publish","type":"post","link":"https:\/\/www.agrupament.cat\/portal\/2011\/09\/11615\/","title":{"rendered":"58\u00e8 Congres MOROP a Catalunya \u2013 Activitats per avu\u00ed DIJOUS 08-09-2011."},"content":{"rendered":"<p><strong><img loading=\"lazy\" decoding=\"async\" class=\"alignleft size-full wp-image-11598\" title=\"\u00b7 Morop\" src=\"http:\/\/www.agrupament.cat\/portal\/wp-content\/uploads\/2011\/09\/\u00b7-Morop.jpg\" alt=\"\" width=\"175\" height=\"100\" \/><img loading=\"lazy\" decoding=\"async\" class=\"alignleft size-full wp-image-9925\" title=\"\u00b7 fcaf 01\" src=\"http:\/\/www.agrupament.cat\/portal\/wp-content\/uploads\/2011\/03\/\u00b7-fcaf-011.png\" alt=\"\" width=\"57\" height=\"100\" \/>58\u00e8 Congres MOROP a Catalunya \u2013 Activitats per avu\u00ed DIJOUS 08-09-2011.<\/strong><\/p>\n<p><span style=\"color: #ff0000;\"><strong> <\/strong><\/span><span style=\"text-decoration: underline; color: #ff0000;\"><strong>RESERVAT ALS C ONGRESISTES<\/strong><\/span><\/p>\n<p><strong><!--more-->VOLTA A CATALUNYA EN TREN<\/strong><br \/>\n08:00h Sortida amb autocar de l\u2019Hotel NH cap a l\u2019estaci\u00f3 de BARCELONA-SANTS.<br \/>\n08:30h Arribada a l\u2019estaci\u00f3 de BARCELONA?SANTS i trobada amb els congressistes que no dormen a l\u2019Hotel NH.<br \/>\nEntrada a les andanes(v\u00edes 7 i 8)<br \/>\n09:13h Sortida amb RENFE \u2013RODALIES DE CATALUNYA cap a Sant Vicen\u00e7 de Castellet<br \/>\n10:24h Arribada a Sant Vicen\u00e7 de Castellet<\/p>\n<p><strong>ASVICAF<\/strong><br \/>\n10:45h Visita a la seu d\u2019ASVICAF \u2013 ASSOCIACI\u00d3 SANT VICEN\u00c7 DE CASTELLET<br \/>\nD\u2019AMICS DEL FERROCARRIL.<br \/>\nBenvinguda per l\u2019Alcalde<br \/>\n11:55h Sortida del tren hist\u00f2ric de FGC<\/p>\n<p><strong>MONISTROL DE MONTSERRAT I MONASTIR DE MONTSERRAT<\/strong><br \/>\n12:08h Arribada a Monistrol de Montserrat<br \/>\n12:15h Sortida de Monistrol de Montserrat amb el tren cremallera<br \/>\n12:18h Arribada a Monistrol?Vila i visita del Museu del tren cremallera<br \/>\n13:15h Sortida de Monistrol?Vila<br \/>\n13:28h Arribada a Montserrat?Monestir<br \/>\n14:00h Dinar a Montserrat i temps lliure fins a les 16:00h<br \/>\n16:15h Sortida de Montserrat?Monestir amb tren cremallera<br \/>\n16:35h Arribada a Monistrol de Montserrat<br \/>\n16:58h Sortida de Monistrol de Montserrat amb el tren hist\u00f2ric<\/p>\n<p><strong>MARTORELL ENLLA\u00c7 &#8211; MATERIAL HIST\u00d2RIC DE FGC<\/strong><br \/>\n17:38h Arribada a Martorell Enlla\u00e7<br \/>\n\u00b7Serem rebuts per un t\u00e8cnic expert en material hist\u00f2ric, i es far\u00e0 una visita al material hist\u00f2ric d\u2019FGC<br \/>\n18:35h Sortida de Martorell Enlla\u00e7 en tren regular<br \/>\n19:24h Arribada a BARCELONA \u2013 PLA\u00c7A ESPANYA<br \/>\nRetorn a l\u2019Hotel NH amb METRO i TRAM<br \/>\n20:15h Arribada a l\u2019Hotel NH<\/p>\n","protected":false},"excerpt":{"rendered":"<p>58\u00e8 Congres MOROP a Catalunya \u2013 Activitats per avu\u00ed DIJOUS 08-09-2011. RESERVAT ALS C ONGRESISTES<\/p>\n","protected":false},"author":4,"featured_media":0,"comment_status":"closed","ping_status":"open","sticky":false,"template":"","format":"standard","meta":{"footnotes":""},"categories":[],"tags":[25,3,35,36,43,47,44],"class_list":["post-11615","post","type-post","status-publish","format-standard","hentry","tag-actes-congrtesosi-exposicions-fires-i-formacio","tag-associacions-federacions-fundacions","tag-barcelona","tag-catalunya","tag-estacions","tag-fgc-ferrocarrils-de-la-generalitat-de-catalunya","tag-rodalies-cercanias","comments-off"],"_links":{"self":[{"href":"https:\/\/www.agrupament.cat\/portal\/wp-json\/wp\/v2\/posts\/11615","targetHints":{"allow":["GET"]}}],"collection":[{"href":"https:\/\/www.agrupament.cat\/portal\/wp-json\/wp\/v2\/posts"}],"about":[{"href":"https:\/\/www.agrupament.cat\/portal\/wp-json\/wp\/v2\/types\/post"}],"author":[{"embeddable":true,"href":"https:\/\/www.agrupament.cat\/portal\/wp-json\/wp\/v2\/users\/4"}],"replies":[{"embeddable":true,"href":"https:\/\/www.agrupament.cat\/portal\/wp-json\/wp\/v2\/comments?post=11615"}],"version-history":[{"count":5,"href":"https:\/\/www.agrupament.cat\/portal\/wp-json\/wp\/v2\/posts\/11615\/revisions"}],"predecessor-version":[{"id":11621,"href":"https:\/\/www.agrupament.cat\/portal\/wp-json\/wp\/v2\/posts\/11615\/revisions\/11621"}],"wp:attachment":[{"href":"https:\/\/www.agrupament.cat\/portal\/wp-json\/wp\/v2\/media?parent=11615"}],"wp:term":[{"taxonomy":"category","embeddable":true,"href":"https:\/\/www.agrupament.cat\/portal\/wp-json\/wp\/v2\/categories?post=11615"},{"taxonomy":"post_tag","embeddable":true,"href":"https:\/\/www.agrupament.cat\/portal\/wp-json\/wp\/v2\/tags?post=11615"}],"curies":[{"name":"wp","href":"https:\/\/api.w.org\/{rel}","templated":true}]}}