{"id":11509,"date":"2011-08-11T21:00:34","date_gmt":"2011-08-11T20:00:34","guid":{"rendered":"http:\/\/www.agrupament.cat\/portal\/?p=11509"},"modified":"2011-08-11T22:16:21","modified_gmt":"2011-08-11T21:16:21","slug":"fgc-estrena-nous-accessos-a-l%e2%80%99estacio-de-vallvidrera-superior","status":"publish","type":"post","link":"https:\/\/www.agrupament.cat\/portal\/2011\/08\/fgc-estrena-nous-accessos-a-l%e2%80%99estacio-de-vallvidrera-superior\/","title":{"rendered":"FGC estrena nous accessos a l\u2019estaci\u00f3 de Vallvidrera Superior"},"content":{"rendered":"<p><strong><img loading=\"lazy\" decoding=\"async\" class=\"alignleft size-full wp-image-9480\" title=\"FGC2G\" src=\"http:\/\/www.agrupament.cat\/portal\/wp-content\/uploads\/2011\/01\/FGC2G.gif\" alt=\"\" width=\"88\" height=\"35\" \/>S\u2019han obert nous passos d\u2019entrada i de sortida a les andanes per posar fi als problemes d\u2019accessibilitat que presentava l\u2019estaci\u00f3<\/strong><br \/>\n<strong> FGC continua adaptant la seva xarxa. Un dels accessos est\u00e0 reservat a les persones amb dificultats de mobilitat<\/strong><br \/>\n<!--more--><br \/>\nBarcelona, 11 d\u2019agost de 2011<br \/>\nLes obres de millora de l\u2019estaci\u00f3 de Vallvidrera Superior per facilitar l\u2019acc\u00e9s a persones amb mobilitat redu\u00efda (PMR) han finalitzat aquesta setmana. D\u2019ara en endavant, amb la incorporaci\u00f3 d\u2019un nou pas convencional de sortida, les persones amb dificultats de mobilitat podran gaudir d\u2019un pas exclusiu d\u2019entrada i sortida, situat a peu de carrer de l\u2019estaci\u00f3. A m\u00e9s, els usuaris d\u2019FGC podran tornar a fer \u00fas de l\u2019ascensor de l\u2019estaci\u00f3, que ha estat fora de servei durant les obres.<\/p>\n<p>Amb aquests nous passos d\u2019acc\u00e9s i de sortida a les andanes del funicular a l\u2019estaci\u00f3 de Vallvidrera Superior, Ferrocarrils de la Generalitat de Catalunya facilita l\u2019accessibilitat dels usuaris en general i, en especial, de les persones amb mobilitat redu\u00efda. Fins ara, la disposici\u00f3 de les barreres tarif\u00e0ries feia que no hi hagu\u00e9s cap pas exclusiu per a persones amb dificultats de mobilitat i provocava la formaci\u00f3 de cues.<\/p>\n<p>Abans de les reformes, la majoria d\u2019usuaris de l\u2019estaci\u00f3 accedien al recinte i en sortien utilitzant el pas reservat a persones amb modalitat redu\u00efda, que estava situat a peu de carrer i era molt m\u00e9s visible i c\u00f2mode que els passos convencionals, ubicats a l\u2019interior del vest\u00edbul. Aquest mobiliari, per\u00f2, no havia estat dissenyat per ser l\u2019\u00fanic pas de l\u2019estaci\u00f3 i sovint es produ\u00efen conflictes de fluxos i cues, que complicaven l\u2019entrada i la sortida a l\u2019estaci\u00f3 i feien perdre temps als usuaris.<\/p>\n<p>A m\u00e9s, la intensiva freq\u00fc\u00e8ncia d\u2019\u00fas d\u2019aquest pas d\u2019acc\u00e9s provocava molt sovint avaries a la m\u00e0quina i, conseq\u00fcentment, obligaven a deixar les portes constantment obertes i a tenir-hi un agent per evitar el frau.<\/p>\n<p>Aquesta acumulaci\u00f3 de problemes i incid\u00e8ncies s\u2019ha resolt satisfact\u00f2riament amb l\u2019obertura d\u2019un nou acc\u00e9s convencional al Carrer de les Alberes i un altre d\u2019exclusiu per a persones amb mobilitat redu\u00efda al costat de l\u2019ascensor. Finalment, s\u2019ha reconvertit l\u2019antic acc\u00e9s de PMR en dos passos convencionals de sortida i se n\u2019ha instal\u00b7lat un altre al costat de l\u2019ascensor.<\/p>\n","protected":false},"excerpt":{"rendered":"<p>S\u2019han obert nous passos d\u2019entrada i de sortida a les andanes per posar fi als problemes d\u2019accessibilitat que presentava l\u2019estaci\u00f3<\/p>\n","protected":false},"author":4,"featured_media":0,"comment_status":"closed","ping_status":"open","sticky":false,"template":"","format":"standard","meta":{"footnotes":""},"categories":[],"tags":[35,43,47,19],"class_list":["post-11509","post","type-post","status-publish","format-standard","hentry","tag-barcelona","tag-estacions","tag-fgc-ferrocarrils-de-la-generalitat-de-catalunya","tag-infraestructures","comments-off"],"_links":{"self":[{"href":"https:\/\/www.agrupament.cat\/portal\/wp-json\/wp\/v2\/posts\/11509","targetHints":{"allow":["GET"]}}],"collection":[{"href":"https:\/\/www.agrupament.cat\/portal\/wp-json\/wp\/v2\/posts"}],"about":[{"href":"https:\/\/www.agrupament.cat\/portal\/wp-json\/wp\/v2\/types\/post"}],"author":[{"embeddable":true,"href":"https:\/\/www.agrupament.cat\/portal\/wp-json\/wp\/v2\/users\/4"}],"replies":[{"embeddable":true,"href":"https:\/\/www.agrupament.cat\/portal\/wp-json\/wp\/v2\/comments?post=11509"}],"version-history":[{"count":2,"href":"https:\/\/www.agrupament.cat\/portal\/wp-json\/wp\/v2\/posts\/11509\/revisions"}],"predecessor-version":[{"id":11511,"href":"https:\/\/www.agrupament.cat\/portal\/wp-json\/wp\/v2\/posts\/11509\/revisions\/11511"}],"wp:attachment":[{"href":"https:\/\/www.agrupament.cat\/portal\/wp-json\/wp\/v2\/media?parent=11509"}],"wp:term":[{"taxonomy":"category","embeddable":true,"href":"https:\/\/www.agrupament.cat\/portal\/wp-json\/wp\/v2\/categories?post=11509"},{"taxonomy":"post_tag","embeddable":true,"href":"https:\/\/www.agrupament.cat\/portal\/wp-json\/wp\/v2\/tags?post=11509"}],"curies":[{"name":"wp","href":"https:\/\/api.w.org\/{rel}","templated":true}]}}