{"id":11281,"date":"2011-07-16T23:55:00","date_gmt":"2011-07-16T22:55:00","guid":{"rendered":"http:\/\/www.agrupament.cat\/portal\/?p=11281"},"modified":"2011-07-16T12:00:24","modified_gmt":"2011-07-16T11:00:24","slug":"fomento-crea-nuevos-criterios-para-disenar-infraestructuras-ferroviarias-que-aumenten-la-competitividad-de-las-mercancias","status":"publish","type":"post","link":"https:\/\/www.agrupament.cat\/portal\/2011\/07\/fomento-crea-nuevos-criterios-para-disenar-infraestructuras-ferroviarias-que-aumenten-la-competitividad-de-las-mercancias\/","title":{"rendered":"Fomento crea nuevos criterios para dise\u00f1ar infraestructuras ferroviarias que aumenten la competitividad de las mercanc\u00edas"},"content":{"rendered":"<p><strong><img loading=\"lazy\" decoding=\"async\" class=\"alignleft size-full wp-image-9709\" title=\"Fomento01\" src=\"http:\/\/www.agrupament.cat\/portal\/wp-content\/uploads\/2011\/02\/Fomento01.png\" alt=\"\" width=\"130\" height=\"35\" \/>\u2022 Con estas medidas se avanza en la l\u00ednea estrat\u00e9gica de mejora de las infraestructuras que establece el \u201cPlan Estrat\u00e9gico para el impulso del Transporte Ferroviario de Mercanc\u00edas en Espa\u00f1a\u201d<\/strong><br \/>\n<strong>\u2022 Los objetivos fijados vienen impulsados por la Directiva 2008\/57\/CE del Parlamento Europeo.<\/strong><br \/>\n<!--more--><br \/>\nMadrid, 16 de julio 2011 (Ministerio de Fomento)<br \/>\nEl secretario de Estado de Planificaci\u00f3n e Infraestructuras, V\u00edctor Morl\u00e1n, ha firmado una Resoluci\u00f3n que establece, en consonancia con el Plan Estrat\u00e9gico para el impulso del Transporte Ferroviario de Mercanc\u00edas en Espa\u00f1a, unos criterios para el dise\u00f1o de las infraestructuras ferroviarias que sientan las bases para el fomento de la interoperabilidad y del tr\u00e1fico de mercanc\u00edas.<\/p>\n<p>Con la Resoluci\u00f3n se marcan los principios que se han de seguir,\u00a0 tanto en el proyecto y construcci\u00f3n de nuevas l\u00edneas como para la paulatina modificaci\u00f3n de las l\u00edneas convencionales existentes, consiguiendo de esta forma los siguientes objetivos:<br \/>\n\u00b7 Extensi\u00f3n progresiva de la interoperabilidad en Espa\u00f1a.<br \/>\n\u00b7 Transformaci\u00f3n paulatina al ancho est\u00e1ndar europeo.<br \/>\n\u00b7 Eliminaci\u00f3n de las barreras interiores, especialmente lesivas para el tr\u00e1fico de mercanc\u00edas.<br \/>\n\u00b7 Impulso al tr\u00e1fico de mercanc\u00edas por ferrocarril, en l\u00ednea con lo establecido en la Ley de Econom\u00eda Sostenible y en el Plan Estrat\u00e9gico para el impulso del Transporte Ferroviario de mercanc\u00edas en Espa\u00f1a.<\/p>\n<p><strong>Los criterios que establece la Resoluci\u00f3n son los siguientes:<\/strong><br \/>\nPara el dise\u00f1o y construcci\u00f3n de nuevas l\u00edneas ferroviarias o en la modificaci\u00f3n de las existentes, se aplicar\u00e1n las Especificaciones T\u00e9cnicas de Interoperabilidad (ETI\u2019s) que es la normativa elaborada por la Agencia Ferroviaria Europea y cuyo objeto es garantizar la interoperabilidad del Sistema Ferroviario Europeo.<\/p>\n<p><strong>Ancho de v\u00eda<\/strong>:<br \/>\n\u00b7 En <strong>l\u00edneas de nueva construcci\u00f3n<\/strong>, con car\u00e1cter general, se utilizar\u00e1n traviesas de ancho internacional.<br \/>\n\u00b7 En <strong>actuaciones sobre l\u00edneas existentes<\/strong> o en aquellas de nueva construcci\u00f3n que por tratarse de prolongaciones de l\u00edneas existentes se prevea una explotaci\u00f3n inicial en ancho ib\u00e9rico se utilizar\u00e1n traviesas de ancho mixto aptas para tres carriles de tal forma que se permita la migraci\u00f3n progresiva a ancho internacional.<\/p>\n<p><strong>G\u00e1libos<\/strong>: En las nuevas l\u00edneas que se prevean explotar \u00fanicamente en ancho UIC, se emplear\u00e1 el g\u00e1libo GC que es el mayor de los recomendados en las ETI\u2019s. En las l\u00edneas en las que sea necesaria la explotaci\u00f3n inicial en ancho ib\u00e9rico se usar\u00e1 un g\u00e1libo envolvente entre GC y GEC 16 (el g\u00e1libo GEC 16 es un g\u00e1libo similar al GC pero adaptado al ancho ib\u00e9rico).<\/p>\n<p><strong>Pendientes<\/strong>: Para l\u00edneas en las que est\u00e9 previsto la circulaci\u00f3n de mercanc\u00edas se usar\u00e1 como regla general pendientes de hasta 12.5 mil\u00e9simas, hasta 15 si las condiciones orogr\u00e1ficas no permiten menores y excepcionalmente hasta las 20 mil\u00e9simas.<\/p>\n<p><strong>Longitudes de v\u00eda de apartado<\/strong>: las v\u00edas de apartado para mercanc\u00edas en las nuevas l\u00edneas ser\u00e1n de 750 m de longitud \u00fatil, tal y como se indica en el Plan Estrat\u00e9gico para el impulso del Transporte Ferroviario de Mercanc\u00edas en Espa\u00f1a.<\/p>\n<p><strong>Carga por eje<\/strong>: se determinar\u00e1 en funci\u00f3n de las prestaciones de la l\u00ednea seg\u00fan la ETI aplicable.<\/p>\n<p><strong>Electrificaci\u00f3n<\/strong>: como regla general se usar\u00e1 tensi\u00f3n de 25 kV CA, de acuerdo a lo indicado en el Plan Estrat\u00e9gico para el impulso del Transporte Ferroviario de Mercanc\u00edas en Espa\u00f1a.<\/p>\n","protected":false},"excerpt":{"rendered":"<p>\u2022 Con estas medidas se avanza en la l\u00ednea estrat\u00e9gica de mejora de las infraestructuras que establece el \u201cPlan Estrat\u00e9gico<\/p>\n","protected":false},"author":4,"featured_media":0,"comment_status":"closed","ping_status":"open","sticky":false,"template":"","format":"standard","meta":{"footnotes":""},"categories":[],"tags":[37,4,19,60,69],"class_list":["post-11281","post","type-post","status-publish","format-standard","hentry","tag-espana","tag-funiculars-i-telecabines","tag-infraestructures","tag-mercaderies","tag-mitva-ministerio-de-fomento","comments-off"],"_links":{"self":[{"href":"https:\/\/www.agrupament.cat\/portal\/wp-json\/wp\/v2\/posts\/11281","targetHints":{"allow":["GET"]}}],"collection":[{"href":"https:\/\/www.agrupament.cat\/portal\/wp-json\/wp\/v2\/posts"}],"about":[{"href":"https:\/\/www.agrupament.cat\/portal\/wp-json\/wp\/v2\/types\/post"}],"author":[{"embeddable":true,"href":"https:\/\/www.agrupament.cat\/portal\/wp-json\/wp\/v2\/users\/4"}],"replies":[{"embeddable":true,"href":"https:\/\/www.agrupament.cat\/portal\/wp-json\/wp\/v2\/comments?post=11281"}],"version-history":[{"count":1,"href":"https:\/\/www.agrupament.cat\/portal\/wp-json\/wp\/v2\/posts\/11281\/revisions"}],"predecessor-version":[{"id":11282,"href":"https:\/\/www.agrupament.cat\/portal\/wp-json\/wp\/v2\/posts\/11281\/revisions\/11282"}],"wp:attachment":[{"href":"https:\/\/www.agrupament.cat\/portal\/wp-json\/wp\/v2\/media?parent=11281"}],"wp:term":[{"taxonomy":"category","embeddable":true,"href":"https:\/\/www.agrupament.cat\/portal\/wp-json\/wp\/v2\/categories?post=11281"},{"taxonomy":"post_tag","embeddable":true,"href":"https:\/\/www.agrupament.cat\/portal\/wp-json\/wp\/v2\/tags?post=11281"}],"curies":[{"name":"wp","href":"https:\/\/api.w.org\/{rel}","templated":true}]}}