{"id":10526,"date":"2011-04-29T10:23:07","date_gmt":"2011-04-29T09:23:07","guid":{"rendered":"http:\/\/www.agrupament.cat\/portal\/?p=10526"},"modified":"2011-04-29T10:23:07","modified_gmt":"2011-04-29T09:23:07","slug":"normalitzat-el-servei-a-la-linia-9-del-metro-la-sagrera-can-zam","status":"publish","type":"post","link":"https:\/\/www.agrupament.cat\/portal\/2011\/04\/normalitzat-el-servei-a-la-linia-9-del-metro-la-sagrera-can-zam\/","title":{"rendered":"Normalitzat el servei a la l\u00ednia 9 del metro (La Sagrera &#8211; Can Zam)"},"content":{"rendered":"<p><strong><img loading=\"lazy\" decoding=\"async\" class=\"alignleft size-full wp-image-9726\" title=\"TMB01\" src=\"http:\/\/www.agrupament.cat\/portal\/wp-content\/uploads\/2011\/02\/TMB013.gif\" alt=\"\" width=\"68\" height=\"50\" \/>La l\u00ednia 9 (La Sagrera &#8211; Can Zam) del metro funciona amb normalitat des de les 10.40 hores, un cop resoltes les afectacions originades per les intenses pluges que van caure ahir al vespre sobre la ciutat de Barcelona i l&#8217;\u00e0rea metropolitana.<\/strong><br \/>\n<!--more--><br \/>\nAquest mat\u00ed ja s&#8217;havia restablert el servei de metro a la l\u00ednia 10 (La Sagrera &#8211; Gorg) amb afectacions tamb\u00e9 per la pluja en diversos punts del seu tra\u00e7at.<\/p>\n<p>TMB demana disculpes als usuaris que han resultat afectats per aquestes incid\u00e8ncies.<\/p>\n","protected":false},"excerpt":{"rendered":"<p>La l\u00ednia 9 (La Sagrera &#8211; Can Zam) del metro funciona amb normalitat des de les 10.40 hores, un cop<\/p>\n","protected":false},"author":4,"featured_media":0,"comment_status":"closed","ping_status":"open","sticky":false,"template":"","format":"standard","meta":{"footnotes":""},"categories":[],"tags":[17,35,43,56],"class_list":["post-10526","post","type-post","status-publish","format-standard","hentry","tag-afectacions-e-incidencies","tag-barcelona","tag-estacions","tag-metro-barcelona-tmb","comments-off"],"_links":{"self":[{"href":"https:\/\/www.agrupament.cat\/portal\/wp-json\/wp\/v2\/posts\/10526","targetHints":{"allow":["GET"]}}],"collection":[{"href":"https:\/\/www.agrupament.cat\/portal\/wp-json\/wp\/v2\/posts"}],"about":[{"href":"https:\/\/www.agrupament.cat\/portal\/wp-json\/wp\/v2\/types\/post"}],"author":[{"embeddable":true,"href":"https:\/\/www.agrupament.cat\/portal\/wp-json\/wp\/v2\/users\/4"}],"replies":[{"embeddable":true,"href":"https:\/\/www.agrupament.cat\/portal\/wp-json\/wp\/v2\/comments?post=10526"}],"version-history":[{"count":1,"href":"https:\/\/www.agrupament.cat\/portal\/wp-json\/wp\/v2\/posts\/10526\/revisions"}],"predecessor-version":[{"id":10527,"href":"https:\/\/www.agrupament.cat\/portal\/wp-json\/wp\/v2\/posts\/10526\/revisions\/10527"}],"wp:attachment":[{"href":"https:\/\/www.agrupament.cat\/portal\/wp-json\/wp\/v2\/media?parent=10526"}],"wp:term":[{"taxonomy":"category","embeddable":true,"href":"https:\/\/www.agrupament.cat\/portal\/wp-json\/wp\/v2\/categories?post=10526"},{"taxonomy":"post_tag","embeddable":true,"href":"https:\/\/www.agrupament.cat\/portal\/wp-json\/wp\/v2\/tags?post=10526"}],"curies":[{"name":"wp","href":"https:\/\/api.w.org\/{rel}","templated":true}]}}