{"id":10448,"date":"2011-04-21T20:01:10","date_gmt":"2011-04-21T19:01:10","guid":{"rendered":"http:\/\/www.agrupament.cat\/portal\/?p=10448"},"modified":"2011-04-21T20:01:10","modified_gmt":"2011-04-21T19:01:10","slug":"la-generalitat-ordena-parar-las-obras-de-11-estaciones-de-la-linea-9-de-metro","status":"publish","type":"post","link":"https:\/\/www.agrupament.cat\/portal\/2011\/04\/la-generalitat-ordena-parar-las-obras-de-11-estaciones-de-la-linea-9-de-metro\/","title":{"rendered":"La Generalitat ordena parar las obras de 11 estaciones de la l\u00ednea 9 de metro"},"content":{"rendered":"<p><img loading=\"lazy\" decoding=\"async\" class=\"alignleft size-full wp-image-10351\" title=\"El Pais\" src=\"http:\/\/www.agrupament.cat\/portal\/wp-content\/uploads\/2011\/04\/El-Pais1.png\" alt=\"\" width=\"154\" height=\"35\" srcset=\"https:\/\/www.agrupament.cat\/portal\/wp-content\/uploads\/2011\/04\/El-Pais1.png 154w, https:\/\/www.agrupament.cat\/portal\/wp-content\/uploads\/2011\/04\/El-Pais1-150x35.png 150w\" sizes=\"auto, (max-width: 154px) 100vw, 154px\" \/>La construcci\u00f3n de paradas estar\u00e1 congelada al menos hasta que haya nuevos presupuestos &#8211; El Gobierno quiere buscar otro sistema de financiaci\u00f3n<\/p>\n<p>C. DELGADO \/ C. S. BAQUERO &#8211; Barcelona &#8211; 21\/04\/2011<br \/>\n<strong>La Generalitat ha pedido formalmente a las empresas que construyen las 11 estaciones del tramo central de la l\u00ednea 9 de metro que paren. La orden es clara: dejar de trabajar &#8220;hasta que se haya aprobado unos nuevos presupuestos&#8221;, es decir, al menos hasta despu\u00e9s de las elecciones municipales del 22 de mayo. El Departamento de Territorio y Sostenibilidad, responsable de las obras, asegur\u00f3 ayer que la perforaci\u00f3n con tuneladoras continuar\u00e1, pero las estaciones quedan congeladas porque no son una prioridad.<\/strong><\/p>\n<p>M\u00e1s informaci\u00f3n en <a href=\"http:\/\/www.elpais.com\/articulo\/cataluna\/Generalitat\/ordena\/parar\/obras\/estaciones\/linea\/metro\/elpepuespcat\/20110421elpcat_2\/Tes\">www.elpais.com<\/a><\/p>\n","protected":false},"excerpt":{"rendered":"<p>La construcci\u00f3n de paradas estar\u00e1 congelada al menos hasta que haya nuevos presupuestos &#8211; El Gobierno quiere buscar otro sistema<\/p>\n","protected":false},"author":4,"featured_media":0,"comment_status":"closed","ping_status":"open","sticky":false,"template":"","format":"standard","meta":{"footnotes":""},"categories":[],"tags":[17,35,43,19,26,56],"class_list":["post-10448","post","type-post","status-publish","format-standard","hentry","tag-afectacions-e-incidencies","tag-barcelona","tag-estacions","tag-infraestructures","tag-publicacions-publicaciones-diris-diarios-revistes-revistas-llibres-libros-tv","tag-metro-barcelona-tmb","comments-off"],"_links":{"self":[{"href":"https:\/\/www.agrupament.cat\/portal\/wp-json\/wp\/v2\/posts\/10448","targetHints":{"allow":["GET"]}}],"collection":[{"href":"https:\/\/www.agrupament.cat\/portal\/wp-json\/wp\/v2\/posts"}],"about":[{"href":"https:\/\/www.agrupament.cat\/portal\/wp-json\/wp\/v2\/types\/post"}],"author":[{"embeddable":true,"href":"https:\/\/www.agrupament.cat\/portal\/wp-json\/wp\/v2\/users\/4"}],"replies":[{"embeddable":true,"href":"https:\/\/www.agrupament.cat\/portal\/wp-json\/wp\/v2\/comments?post=10448"}],"version-history":[{"count":1,"href":"https:\/\/www.agrupament.cat\/portal\/wp-json\/wp\/v2\/posts\/10448\/revisions"}],"predecessor-version":[{"id":10449,"href":"https:\/\/www.agrupament.cat\/portal\/wp-json\/wp\/v2\/posts\/10448\/revisions\/10449"}],"wp:attachment":[{"href":"https:\/\/www.agrupament.cat\/portal\/wp-json\/wp\/v2\/media?parent=10448"}],"wp:term":[{"taxonomy":"category","embeddable":true,"href":"https:\/\/www.agrupament.cat\/portal\/wp-json\/wp\/v2\/categories?post=10448"},{"taxonomy":"post_tag","embeddable":true,"href":"https:\/\/www.agrupament.cat\/portal\/wp-json\/wp\/v2\/tags?post=10448"}],"curies":[{"name":"wp","href":"https:\/\/api.w.org\/{rel}","templated":true}]}}