{"id":10426,"date":"2011-04-19T17:12:12","date_gmt":"2011-04-19T16:12:12","guid":{"rendered":"http:\/\/www.agrupament.cat\/portal\/?p=10426"},"modified":"2011-04-19T17:12:12","modified_gmt":"2011-04-19T16:12:12","slug":"el-metro-cobrira-les-necessitats-de-mobilitat-amb-motiu-de-la-final-de-la-copa-del-rei-de-futbol","status":"publish","type":"post","link":"https:\/\/www.agrupament.cat\/portal\/2011\/04\/el-metro-cobrira-les-necessitats-de-mobilitat-amb-motiu-de-la-final-de-la-copa-del-rei-de-futbol\/","title":{"rendered":"El metro cobrir\u00e0 les necessitats de mobilitat amb motiu de la final de la Copa del Rei de futbol"},"content":{"rendered":"<p><img loading=\"lazy\" decoding=\"async\" class=\"alignleft size-full wp-image-9726\" title=\"TMB01\" src=\"http:\/\/www.agrupament.cat\/portal\/wp-content\/uploads\/2011\/02\/TMB013.gif\" alt=\"\" width=\"68\" height=\"50\" \/><strong>Amb motiu del partit de la final de la Copa del Rei de Futbol que es disputa dem\u00e0 dimecres, 20 d\u2019abril, a Val\u00e8ncia, entre el FC Barcelona i el Reial Madrid, Transports Metropolitans de Barcelona (TMB) ha previst prolongar el servei de metro m\u00e9s enll\u00e0 de la mitjanit<\/strong>, hora habitual de finalitzaci\u00f3 els feiners de dilluns a dijous, fins a les 2 de la matinada, en funci\u00f3 de les necessitats de la mobilitat ciutadana que es generin en cas de vict\u00f2ria barcelonista.<br \/>\nBarcelona, 19 d\u2019abril de 2011<\/p>\n","protected":false},"excerpt":{"rendered":"<p>Amb motiu del partit de la final de la Copa del Rei de Futbol que es disputa dem\u00e0 dimecres, 20<\/p>\n","protected":false},"author":4,"featured_media":0,"comment_status":"closed","ping_status":"open","sticky":false,"template":"","format":"standard","meta":{"footnotes":""},"categories":[],"tags":[25,35,6,56],"class_list":["post-10426","post","type-post","status-publish","format-standard","hentry","tag-actes-congrtesosi-exposicions-fires-i-formacio","tag-barcelona","tag-informacio-de-caracter-general","tag-metro-barcelona-tmb","comments-off"],"_links":{"self":[{"href":"https:\/\/www.agrupament.cat\/portal\/wp-json\/wp\/v2\/posts\/10426","targetHints":{"allow":["GET"]}}],"collection":[{"href":"https:\/\/www.agrupament.cat\/portal\/wp-json\/wp\/v2\/posts"}],"about":[{"href":"https:\/\/www.agrupament.cat\/portal\/wp-json\/wp\/v2\/types\/post"}],"author":[{"embeddable":true,"href":"https:\/\/www.agrupament.cat\/portal\/wp-json\/wp\/v2\/users\/4"}],"replies":[{"embeddable":true,"href":"https:\/\/www.agrupament.cat\/portal\/wp-json\/wp\/v2\/comments?post=10426"}],"version-history":[{"count":1,"href":"https:\/\/www.agrupament.cat\/portal\/wp-json\/wp\/v2\/posts\/10426\/revisions"}],"predecessor-version":[{"id":10427,"href":"https:\/\/www.agrupament.cat\/portal\/wp-json\/wp\/v2\/posts\/10426\/revisions\/10427"}],"wp:attachment":[{"href":"https:\/\/www.agrupament.cat\/portal\/wp-json\/wp\/v2\/media?parent=10426"}],"wp:term":[{"taxonomy":"category","embeddable":true,"href":"https:\/\/www.agrupament.cat\/portal\/wp-json\/wp\/v2\/categories?post=10426"},{"taxonomy":"post_tag","embeddable":true,"href":"https:\/\/www.agrupament.cat\/portal\/wp-json\/wp\/v2\/tags?post=10426"}],"curies":[{"name":"wp","href":"https:\/\/api.w.org\/{rel}","templated":true}]}}