{"id":10310,"date":"2011-04-05T18:17:54","date_gmt":"2011-04-05T17:17:54","guid":{"rendered":"http:\/\/www.agrupament.cat\/portal\/?p=10310"},"modified":"2011-04-05T18:17:54","modified_gmt":"2011-04-05T17:17:54","slug":"el-nou-portal-corporatiu-de-tmb-a-internet-s%e2%80%99estrena-avui-en-versio-de-prova","status":"publish","type":"post","link":"https:\/\/www.agrupament.cat\/portal\/2011\/04\/el-nou-portal-corporatiu-de-tmb-a-internet-s%e2%80%99estrena-avui-en-versio-de-prova\/","title":{"rendered":"El nou portal corporatiu de TMB a internet s\u2019estrena avui en versi\u00f3 de prova"},"content":{"rendered":"<p><img loading=\"lazy\" decoding=\"async\" class=\"alignleft size-full wp-image-9726\" title=\"TMB01\" src=\"http:\/\/www.agrupament.cat\/portal\/wp-content\/uploads\/2011\/02\/TMB013.gif\" alt=\"\" width=\"68\" height=\"50\" \/><strong>El web tmb.cat es distingeix pel disseny, l\u2019enfocament metropolit\u00e0 i les noves funcionalitats de participaci\u00f3 i interacci\u00f3 Transports Metropolitans de Barcelona (TMB) ha posat avui en marxa la versi\u00f3 beta o de prova del nou portal tmb.cat, l\u2019eina m\u00e9s visible i potent del projecte de comunicaci\u00f3 digital de l\u2019empresa. El lloc web, que mant\u00e9 la mateixa adre\u00e7a d\u2019internet, ofereix una m\u00e9s \u00e0mplia informaci\u00f3 corporativa i de servei, a m\u00e9s de posicionar-se com un canal de marca que aglutina els valors associats al transport p\u00fablic.<\/strong><br \/>\n<!--more--><br \/>\nEl lloc web \u00e9s hereu de l\u2019anterior, creat el 2004 i que havia assolit la xifra de 700.000 visites mensuals. Ara s\u2019ha transformat en un portal subdividit en tres blocs principals:<br \/>\nl\u2019organitzaci\u00f3 i els seus projectes, la informaci\u00f3 de servei de les xarxes de bus i metro i l\u2019entorn en qu\u00e8 opera aquest transport: l\u2019\u00e0rea metropolitana.<\/p>\n<p><strong>Integraci\u00f3 dels canals digitals<\/strong><br \/>\nEl web vol esdevenir el nexe de TMB amb el m\u00f3n d\u2019internet, ja que reuneix l\u2019activitat dels canals de l\u2019empresa a les xarxes socials i compta amb funcionalitats inherents a la web 2.0, com la sindicaci\u00f3 de not\u00edcies i ofertes laborals, la possibilitat de compartir continguts i l\u2019acc\u00e9s directe a les xarxes socials.<\/p>\n<p>Igualment, l\u2019eina pret\u00e9n facilitar la tasca dels periodistes a trav\u00e9s de la seva sala de premsa, que mant\u00e9 ordenades les notes de premsa, facilita diversos enlla\u00e7os i preveu oferir recursos multim\u00e8dia descarregables.<\/p>\n<p>Aix\u00ed mateix, pret\u00e9n donar una visi\u00f3 metropolitana de la xarxa de transport p\u00fablic mitjan\u00e7ant imatges i informacions referents als 11 municipis als quals, com a operador, d\u00f3na servei. En aquest sentit, el web es consulta sobre un marc gr\u00e0fic il\u00b7lustrat amb fotografies pr\u00f2pies i singulars de Barcelona i els altres municipis metropolitans que, a m\u00e9s, es poden descarregar com a fons de pantalla.<\/p>\n<p><strong>\u00das de la imatge<\/strong><br \/>\nEl disseny destaca per l\u2019espectacularitat i la innovaci\u00f3, amb la intenci\u00f3 de provocar un \u00fas experiencial i emocional del web. Per aconseguir-ho, fa servir nombroses fotografies i compta amb una cuidada direcci\u00f3 d\u2019art. La llengua principal del portal \u00e9s el catal\u00e0, si b\u00e9 molts continguts existeixen tamb\u00e9 en versions castellana i anglesa.<\/p>\n<p>Es mantenen les funcionalitats de m\u00e9s \u00e8xit de la web anterior (Vull Anar, On S\u00f3c i TMB iBus) i tota la informaci\u00f3 de servei, fidel a l\u2019esperit d\u2019usabilitat d\u2019un espai digital de les seves caracter\u00edstiques. S\u2019ha concebut, per\u00f2, per cr\u00e9ixer i incorporar novetats de manera paral\u00b7lela a l\u2019evoluci\u00f3 de la mateixa organitzaci\u00f3 i dels seus serveis.<\/p>\n<p>Tamb\u00e9 s\u2019han tingut en compte els criteris d\u2019accessibilitat per a persones amb discapacitat i d\u2019entrada la majoria de continguts i funcionalitats s\u00f3n accessibles.<\/p>\n<p><strong>Pe\u00e7a clau del projecte TMB Connecta<\/strong><br \/>\nEl nou portal www.tmb.cat forma part del projecte TMB Connecta, una refer\u00e8ncia en estrat\u00e8gia de comunicaci\u00f3 digital entre els operadors de transport p\u00fablic. Altres realitzacions dins del projecte han estat la creaci\u00f3 i consolidaci\u00f3 de cinc canals propis a les xarxes socials \u2013Facebook, Twitter, Flickr, YouTube i Spotify\u2013, l\u2019edici\u00f3 mensual en format digital de la revista corporativa \u201cHora Punta\u201d, la creaci\u00f3 de dues aplicacions de realitat augmentada per a dispositius m\u00f2bils \u2013TMB Virtual i Barcelona Bus Tur\u00edstic Virtual\u2013, i la implantaci\u00f3 a les parades de bus del sistema de codis QR, que, llegits a trav\u00e9s del m\u00f2bil, permeten con\u00e8ixer informaci\u00f3 associada al servei d\u2019autobusos.<br \/>\nBarcelona, 5 d\u2019abril de 2011<\/p>\n","protected":false},"excerpt":{"rendered":"<p>El web tmb.cat es distingeix pel disseny, l\u2019enfocament metropolit\u00e0 i les noves funcionalitats de participaci\u00f3 i interacci\u00f3 Transports Metropolitans de<\/p>\n","protected":false},"author":4,"featured_media":0,"comment_status":"closed","ping_status":"open","sticky":false,"template":"","format":"standard","meta":{"footnotes":""},"categories":[],"tags":[35,6,56],"class_list":["post-10310","post","type-post","status-publish","format-standard","hentry","tag-barcelona","tag-informacio-de-caracter-general","tag-metro-barcelona-tmb","comments-off"],"_links":{"self":[{"href":"https:\/\/www.agrupament.cat\/portal\/wp-json\/wp\/v2\/posts\/10310","targetHints":{"allow":["GET"]}}],"collection":[{"href":"https:\/\/www.agrupament.cat\/portal\/wp-json\/wp\/v2\/posts"}],"about":[{"href":"https:\/\/www.agrupament.cat\/portal\/wp-json\/wp\/v2\/types\/post"}],"author":[{"embeddable":true,"href":"https:\/\/www.agrupament.cat\/portal\/wp-json\/wp\/v2\/users\/4"}],"replies":[{"embeddable":true,"href":"https:\/\/www.agrupament.cat\/portal\/wp-json\/wp\/v2\/comments?post=10310"}],"version-history":[{"count":1,"href":"https:\/\/www.agrupament.cat\/portal\/wp-json\/wp\/v2\/posts\/10310\/revisions"}],"predecessor-version":[{"id":10311,"href":"https:\/\/www.agrupament.cat\/portal\/wp-json\/wp\/v2\/posts\/10310\/revisions\/10311"}],"wp:attachment":[{"href":"https:\/\/www.agrupament.cat\/portal\/wp-json\/wp\/v2\/media?parent=10310"}],"wp:term":[{"taxonomy":"category","embeddable":true,"href":"https:\/\/www.agrupament.cat\/portal\/wp-json\/wp\/v2\/categories?post=10310"},{"taxonomy":"post_tag","embeddable":true,"href":"https:\/\/www.agrupament.cat\/portal\/wp-json\/wp\/v2\/tags?post=10310"}],"curies":[{"name":"wp","href":"https:\/\/api.w.org\/{rel}","templated":true}]}}