{"id":934,"date":"2020-09-10T18:24:52","date_gmt":"2020-09-10T16:24:52","guid":{"rendered":"https:\/\/www.agrupament.cat\/albumrenfe\/?p=934"},"modified":"2021-01-16T18:33:34","modified_gmt":"2021-01-16T16:33:34","slug":"locomotores-i-tenders-230-4111-230-4143","status":"publish","type":"post","link":"https:\/\/www.agrupament.cat\/albumrenfe\/locomotores-i-tenders-230-4111-230-4143\/","title":{"rendered":"Locomotores i t\u00e8nders 230-4111\/230-4143"},"content":{"rendered":"<p><img loading=\"lazy\" class=\"alignnone size-full wp-image-936\" src=\"https:\/\/www.agrupament.cat\/albumrenfe\/wp-content\/uploads\/2021\/01\/F109-1.jpg\" alt=\"\" width=\"818\" height=\"595\" srcset=\"https:\/\/www.agrupament.cat\/albumrenfe\/wp-content\/uploads\/2021\/01\/F109-1.jpg 818w, https:\/\/www.agrupament.cat\/albumrenfe\/wp-content\/uploads\/2021\/01\/F109-1-300x218.jpg 300w, https:\/\/www.agrupament.cat\/albumrenfe\/wp-content\/uploads\/2021\/01\/F109-1-768x559.jpg 768w\" sizes=\"(max-width: 818px) 100vw, 818px\" \/><\/p>\n<h4>M\u00e9s Informaci\u00f3:<\/h4>\n<p>Web Trenes y Tiempos: <a href=\"http:\/\/trenesytiempos.blogspot.com\/2018\/09\/historias-del-vapor-lxxxii-andaluces.html\">Historias del vapor (LXXXII) Andaluces tambi\u00e9n apuesta por la doble expansi\u00f3n (RENFE 230-4111 a 230-4143)<\/a><\/p>\n","protected":false},"excerpt":{"rendered":"<p>M\u00e9s Informaci\u00f3: Web Trenes y Tiempos: Historias del vapor (LXXXII) Andaluces tambi\u00e9n apuesta por la doble expansi\u00f3n (RENFE 230-4111 a<\/p>\n","protected":false},"author":2,"featured_media":935,"comment_status":"closed","ping_status":"open","sticky":false,"template":"","format":"standard","meta":[],"categories":[1],"tags":[122,8,88,125,117],"_links":{"self":[{"href":"https:\/\/www.agrupament.cat\/albumrenfe\/wp-json\/wp\/v2\/posts\/934"}],"collection":[{"href":"https:\/\/www.agrupament.cat\/albumrenfe\/wp-json\/wp\/v2\/posts"}],"about":[{"href":"https:\/\/www.agrupament.cat\/albumrenfe\/wp-json\/wp\/v2\/types\/post"}],"author":[{"embeddable":true,"href":"https:\/\/www.agrupament.cat\/albumrenfe\/wp-json\/wp\/v2\/users\/2"}],"replies":[{"embeddable":true,"href":"https:\/\/www.agrupament.cat\/albumrenfe\/wp-json\/wp\/v2\/comments?post=934"}],"version-history":[{"count":1,"href":"https:\/\/www.agrupament.cat\/albumrenfe\/wp-json\/wp\/v2\/posts\/934\/revisions"}],"predecessor-version":[{"id":937,"href":"https:\/\/www.agrupament.cat\/albumrenfe\/wp-json\/wp\/v2\/posts\/934\/revisions\/937"}],"wp:featuredmedia":[{"embeddable":true,"href":"https:\/\/www.agrupament.cat\/albumrenfe\/wp-json\/wp\/v2\/media\/935"}],"wp:attachment":[{"href":"https:\/\/www.agrupament.cat\/albumrenfe\/wp-json\/wp\/v2\/media?parent=934"}],"wp:term":[{"taxonomy":"category","embeddable":true,"href":"https:\/\/www.agrupament.cat\/albumrenfe\/wp-json\/wp\/v2\/categories?post=934"},{"taxonomy":"post_tag","embeddable":true,"href":"https:\/\/www.agrupament.cat\/albumrenfe\/wp-json\/wp\/v2\/tags?post=934"}],"curies":[{"name":"wp","href":"https:\/\/api.w.org\/{rel}","templated":true}]}}