{"id":908,"date":"2020-09-12T17:41:29","date_gmt":"2020-09-12T15:41:29","guid":{"rendered":"https:\/\/www.agrupament.cat\/albumrenfe\/?p=908"},"modified":"2021-01-16T17:49:35","modified_gmt":"2021-01-16T15:49:35","slug":"locomotores-i-tenders-230-4031-230-4103","status":"publish","type":"post","link":"https:\/\/www.agrupament.cat\/albumrenfe\/locomotores-i-tenders-230-4031-230-4103\/","title":{"rendered":"Locomotores i t\u00e8nders 230-4031\/230-4103"},"content":{"rendered":"<p><img loading=\"lazy\" class=\"alignnone size-full wp-image-910\" src=\"https:\/\/www.agrupament.cat\/albumrenfe\/wp-content\/uploads\/2021\/01\/F107-1.jpg\" alt=\"\" width=\"818\" height=\"595\" srcset=\"https:\/\/www.agrupament.cat\/albumrenfe\/wp-content\/uploads\/2021\/01\/F107-1.jpg 818w, https:\/\/www.agrupament.cat\/albumrenfe\/wp-content\/uploads\/2021\/01\/F107-1-300x218.jpg 300w, https:\/\/www.agrupament.cat\/albumrenfe\/wp-content\/uploads\/2021\/01\/F107-1-768x559.jpg 768w\" sizes=\"(max-width: 818px) 100vw, 818px\" \/><\/p>\n<h4>M\u00e9s Informaci\u00f3:<\/h4>\n<p>Web Trenes y Tiempos: <a href=\"http:\/\/trenesytiempos.blogspot.com\/2019\/01\/historias-del-vapor-lxxxvi-mas.html\">Historias del vapor (LXXXVI): M\u00e1s &#8220;compounds&#8221; para MZA (RENFE 230-4031 a 230-4105)<\/a><\/p>\n","protected":false},"excerpt":{"rendered":"<p>M\u00e9s Informaci\u00f3: Web Trenes y Tiempos: Historias del vapor (LXXXVI): M\u00e1s &#8220;compounds&#8221; para MZA (RENFE 230-4031 a 230-4105)<\/p>\n","protected":false},"author":2,"featured_media":909,"comment_status":"closed","ping_status":"open","sticky":false,"template":"","format":"standard","meta":[],"categories":[1],"tags":[122,107,31,15,124],"_links":{"self":[{"href":"https:\/\/www.agrupament.cat\/albumrenfe\/wp-json\/wp\/v2\/posts\/908"}],"collection":[{"href":"https:\/\/www.agrupament.cat\/albumrenfe\/wp-json\/wp\/v2\/posts"}],"about":[{"href":"https:\/\/www.agrupament.cat\/albumrenfe\/wp-json\/wp\/v2\/types\/post"}],"author":[{"embeddable":true,"href":"https:\/\/www.agrupament.cat\/albumrenfe\/wp-json\/wp\/v2\/users\/2"}],"replies":[{"embeddable":true,"href":"https:\/\/www.agrupament.cat\/albumrenfe\/wp-json\/wp\/v2\/comments?post=908"}],"version-history":[{"count":3,"href":"https:\/\/www.agrupament.cat\/albumrenfe\/wp-json\/wp\/v2\/posts\/908\/revisions"}],"predecessor-version":[{"id":915,"href":"https:\/\/www.agrupament.cat\/albumrenfe\/wp-json\/wp\/v2\/posts\/908\/revisions\/915"}],"wp:featuredmedia":[{"embeddable":true,"href":"https:\/\/www.agrupament.cat\/albumrenfe\/wp-json\/wp\/v2\/media\/909"}],"wp:attachment":[{"href":"https:\/\/www.agrupament.cat\/albumrenfe\/wp-json\/wp\/v2\/media?parent=908"}],"wp:term":[{"taxonomy":"category","embeddable":true,"href":"https:\/\/www.agrupament.cat\/albumrenfe\/wp-json\/wp\/v2\/categories?post=908"},{"taxonomy":"post_tag","embeddable":true,"href":"https:\/\/www.agrupament.cat\/albumrenfe\/wp-json\/wp\/v2\/tags?post=908"}],"curies":[{"name":"wp","href":"https:\/\/api.w.org\/{rel}","templated":true}]}}