{"id":1224,"date":"2020-07-25T00:35:25","date_gmt":"2020-07-24T22:35:25","guid":{"rendered":"https:\/\/www.agrupament.cat\/albumrenfe\/?p=1224"},"modified":"2021-01-18T00:50:50","modified_gmt":"2021-01-17T22:50:50","slug":"locomotores-i-tenders-140-2472-140-2500","status":"publish","type":"post","link":"https:\/\/www.agrupament.cat\/albumrenfe\/locomotores-i-tenders-140-2472-140-2500\/","title":{"rendered":"Locomotores i t\u00e8nders 140-2472\/140-2500"},"content":{"rendered":"<p><img loading=\"lazy\" class=\"alignnone size-large wp-image-1221\" src=\"https:\/\/www.agrupament.cat\/albumrenfe\/wp-content\/uploads\/2021\/01\/F154-1-1024x744.jpg\" alt=\"\" width=\"910\" height=\"661\" srcset=\"https:\/\/www.agrupament.cat\/albumrenfe\/wp-content\/uploads\/2021\/01\/F154-1-1024x744.jpg 1024w, https:\/\/www.agrupament.cat\/albumrenfe\/wp-content\/uploads\/2021\/01\/F154-1-300x218.jpg 300w, https:\/\/www.agrupament.cat\/albumrenfe\/wp-content\/uploads\/2021\/01\/F154-1-768x558.jpg 768w, https:\/\/www.agrupament.cat\/albumrenfe\/wp-content\/uploads\/2021\/01\/F154-1.jpg 1091w\" sizes=\"(max-width: 910px) 100vw, 910px\" \/><\/p>\n<p>El 1928 l&#8217;Estat va decidir adquirir a Euskalduna tres locomotores semblants a les &#8220;<a href=\"https:\/\/www.agrupament.cat\/albumrenfe\/locomotores-i-tenders-140-2068-140-2471\/\">quatre-centes<\/a>&#8221; de Norte, les 5, 6 i 7, si b\u00e9 la 5 no portava recalentador i el di\u00e0metre de roda era una mica m\u00e9s petit. Van passar en principi a l&#8217;Alcany\u00eds-Pobla d&#8217;H\u00edjar, per\u00f2 quan es va concloure el M\u00farcia a Caravaca van passar a ell la 6 i la 7 i m\u00e9s es va comprar a Norte, com a refor\u00e7, la 4777.<\/p>\n<p>Per la seva banda, la pr\u00f2pia Companyia de l&#8217;Oest tamb\u00e9 va adquirir 23 locomotores &#8220;quatre-centes&#8221;. Les primeres 14 van ser subministrades aquest cop per La Naval en 1932 i van rebre la numeraci\u00f3 875 a 888. Curiosament, en plena Guerra Civil, es van rebre cinc m\u00e9s procedents ara de Babcock &amp; Wilcox. Van ser les 889 a 893. Com que el tr\u00e0nsit generat en les seves l\u00ednies per la guerra era molt gran, l&#8217;Oest va llogar sis locomotores a Norte, que posteriorment va adquirir. Van ser les 894-899.<\/p>\n<h4>M\u00e9s Informaci\u00f3:<\/h4>\n<p>Web Trenes y Tiempos: <a href=\"http:\/\/trenesytiempos.blogspot.com\/2019\/03\/historias-del-vapor-xcv-las.html\">Historias del vapor (XCV): Las &#8220;cuatrocientas Norte&#8221;, nada menos (RENFE 140- 2068 a 140-2504)<\/a><\/p>\n","protected":false},"excerpt":{"rendered":"<p>El 1928 l&#8217;Estat va decidir adquirir a Euskalduna tres locomotores semblants a les &#8220;quatre-centes&#8221; de Norte, les 5, 6 i<\/p>\n","protected":false},"author":2,"featured_media":1220,"comment_status":"closed","ping_status":"open","sticky":false,"template":"","format":"standard","meta":[],"categories":[1],"tags":[137,88,125,67,111],"_links":{"self":[{"href":"https:\/\/www.agrupament.cat\/albumrenfe\/wp-json\/wp\/v2\/posts\/1224"}],"collection":[{"href":"https:\/\/www.agrupament.cat\/albumrenfe\/wp-json\/wp\/v2\/posts"}],"about":[{"href":"https:\/\/www.agrupament.cat\/albumrenfe\/wp-json\/wp\/v2\/types\/post"}],"author":[{"embeddable":true,"href":"https:\/\/www.agrupament.cat\/albumrenfe\/wp-json\/wp\/v2\/users\/2"}],"replies":[{"embeddable":true,"href":"https:\/\/www.agrupament.cat\/albumrenfe\/wp-json\/wp\/v2\/comments?post=1224"}],"version-history":[{"count":1,"href":"https:\/\/www.agrupament.cat\/albumrenfe\/wp-json\/wp\/v2\/posts\/1224\/revisions"}],"predecessor-version":[{"id":1225,"href":"https:\/\/www.agrupament.cat\/albumrenfe\/wp-json\/wp\/v2\/posts\/1224\/revisions\/1225"}],"wp:featuredmedia":[{"embeddable":true,"href":"https:\/\/www.agrupament.cat\/albumrenfe\/wp-json\/wp\/v2\/media\/1220"}],"wp:attachment":[{"href":"https:\/\/www.agrupament.cat\/albumrenfe\/wp-json\/wp\/v2\/media?parent=1224"}],"wp:term":[{"taxonomy":"category","embeddable":true,"href":"https:\/\/www.agrupament.cat\/albumrenfe\/wp-json\/wp\/v2\/categories?post=1224"},{"taxonomy":"post_tag","embeddable":true,"href":"https:\/\/www.agrupament.cat\/albumrenfe\/wp-json\/wp\/v2\/tags?post=1224"}],"curies":[{"name":"wp","href":"https:\/\/api.w.org\/{rel}","templated":true}]}}